{"id":6678,"date":"2024-12-16T08:44:32","date_gmt":"2024-12-16T12:44:32","guid":{"rendered":"https:\/\/agromt.news\/?p=6678"},"modified":"2024-12-16T08:44:32","modified_gmt":"2024-12-16T12:44:32","slug":"milho-avanca-em-dezembro-com-precos-firmes","status":"publish","type":"post","link":"https:\/\/agromt.news\/?p=6678","title":{"rendered":"Milho avan\u00e7a em dezembro com pre\u00e7os firmes"},"content":{"rendered":"<p> <br \/>\n<br \/><img decoding=\"async\" src=\"https:\/\/agromt.news\/wp-content\/uploads\/2024\/12\/Milho-avanca-em-dezembro-com-precos-firmes.jpg\" \/><\/p>\n<div>\n<p>Os pre\u00e7os do milho seguem firmes na maioria das regi\u00f5es acompanhadas pelo Cepea.\u00a0De acordo com o centro de pesquisas, o suporte vem sobretudo da retra\u00e7\u00e3o de vendedores. <\/p>\n<p><em>Confira na palma da <\/em>m\u00e3o <em>informa\u00e7\u00f5es quentes sobre agricultura, pecu\u00e1ria, economia e previs\u00e3o do tempo:<\/em><a href=\"https:\/\/www.whatsapp.com\/channel\/0029Va9VnZxGk1FplZjiW43k\"><em> <\/em><strong>siga o Canal Rural no WhatsApp<\/strong><\/a>!<\/p>\n<\/div>\n<div>\n<p>J\u00e1 vendedores ativos pedem valores maiores, atentos \u00e0 oferta limitada neste per\u00edodo do ano, quando parte dos armaz\u00e9ns, cerealistas e transportadoras entra em recesso.\u00a0Do lado dos consumidores, uma parcela relata dificuldades em recompor estoques e, com isso, precisa pagar os valores maiores para conseguir adquirir o <strong><a href=\"https:\/\/www.canalrural.com.br\/agricultura\/milho\/\">cereal<\/a><\/strong>, conforme explicam pesquisadores do Cepea.\u00a0<\/p>\n<p>Em rela\u00e7\u00e3o \u00e0 safra 2024\/25, apesar de ter iniciado atrasada e com preocupa\u00e7\u00f5es ligadas \u00e0 <strong><a href=\"https:\/\/www.canalrural.com.br\/tempo\/\">falta de chuvas<\/a><\/strong>, o retorno das precipita\u00e7\u00f5es trouxe otimismo quanto \u00e0 produ\u00e7\u00e3o brasileira.\u00a0Relat\u00f3rio divulgado no dia 12 pela Conab aponta que o volume agregado de milho para 2024\/25 deve somar 119,63 milh\u00f5es de toneladas, o que representaria um incremento de 3,4% frente ao de 2023\/24.<\/p>\n<\/p><\/div>\n<p><br \/>\n<br \/><a href=\"https:\/\/www.canalrural.com.br\/agricultura\/milho-avanca-em-dezembro-com-precos-firmes\/\">Source link <\/a><\/p>\n","protected":false},"excerpt":{"rendered":"<p>Os pre\u00e7os do milho seguem firmes na maioria das regi\u00f5es acompanhadas pelo Cepea.\u00a0De acordo com o centro de pesquisas, o<\/p>\n","protected":false},"author":1,"featured_media":6679,"comment_status":"open","ping_status":"open","sticky":false,"template":"","format":"standard","meta":{"_monsterinsights_skip_tracking":false,"_monsterinsights_sitenote_active":false,"_monsterinsights_sitenote_note":"","_monsterinsights_sitenote_category":0,"_uf_show_specific_survey":0,"_uf_disable_surveys":false,"footnotes":""},"categories":[1],"tags":[],"class_list":["post-6678","post","type-post","status-publish","format-standard","has-post-thumbnail","hentry","category-news"],"_links":{"self":[{"href":"https:\/\/agromt.news\/index.php?rest_route=\/wp\/v2\/posts\/6678"}],"collection":[{"href":"https:\/\/agromt.news\/index.php?rest_route=\/wp\/v2\/posts"}],"about":[{"href":"https:\/\/agromt.news\/index.php?rest_route=\/wp\/v2\/types\/post"}],"author":[{"embeddable":true,"href":"https:\/\/agromt.news\/index.php?rest_route=\/wp\/v2\/users\/1"}],"replies":[{"embeddable":true,"href":"https:\/\/agromt.news\/index.php?rest_route=%2Fwp%2Fv2%2Fcomments&post=6678"}],"version-history":[{"count":0,"href":"https:\/\/agromt.news\/index.php?rest_route=\/wp\/v2\/posts\/6678\/revisions"}],"wp:featuredmedia":[{"embeddable":true,"href":"https:\/\/agromt.news\/index.php?rest_route=\/wp\/v2\/media\/6679"}],"wp:attachment":[{"href":"https:\/\/agromt.news\/index.php?rest_route=%2Fwp%2Fv2%2Fmedia&parent=6678"}],"wp:term":[{"taxonomy":"category","embeddable":true,"href":"https:\/\/agromt.news\/index.php?rest_route=%2Fwp%2Fv2%2Fcategories&post=6678"},{"taxonomy":"post_tag","embeddable":true,"href":"https:\/\/agromt.news\/index.php?rest_route=%2Fwp%2Fv2%2Ftags&post=6678"}],"curies":[{"name":"wp","href":"https:\/\/api.w.org\/{rel}","templated":true}]}}