{"id":6666,"date":"2024-12-15T20:52:27","date_gmt":"2024-12-16T00:52:27","guid":{"rendered":"https:\/\/agromt.news\/?p=6666"},"modified":"2024-12-15T20:52:27","modified_gmt":"2024-12-16T00:52:27","slug":"taxas-futuras-de-juros-caem-em-dia-de-movimentos-tecnicos-no-brasil-e-alta","status":"publish","type":"post","link":"https:\/\/agromt.news\/?p=6666","title":{"rendered":"Taxas futuras de juros caem em dia de movimentos t\u00e9cnicos no Brasil e alta&#8230;"},"content":{"rendered":"<p> <br \/>\n<\/p>\n<div>\n<p><img decoding=\"async\" alt=\"Logotipo Reuters\" height=\"22\" src=\"https:\/\/cdn.noticiasagricolas.com.br\/dbimagens\/0f687b0f35da9d220b6477534ce7c667.gif\" width=\"71\"\/><\/p>\n<p>\u00a0<\/p>\n<p>Por Fabricio de Castro<\/p>\n<p>S\u00c3O PAULO (Reuters) &#8211; As taxas dos DIs fecharam a quinta-feira em baixa no Brasil nos contratos a partir de janeiro de 2026, em um dia marcado por movimentos t\u00e9cnicos, com alguns agentes aproveitando as altas mais recentes para realizar lucros, enquanto no exterior os rendimentos dos Treasuries subiam.<\/p>\n<p>No fim da tarde a taxa do DI (Dep\u00f3sito Interfinanceiro) para janeiro de 2025 &#8212; que reflete as apostas para a Selic no curt\u00edssimo prazo &#8212; estava em 11,468%, ante 11,456% do ajuste anterior. J\u00e1 a taxa do contrato para janeiro de 2027 marcava 13,33%, em queda de 5 pontos-base ante o ajuste de 13,375%.<\/p>\n<p>Entre os contratos mais longos, a taxa para janeiro de 2031 estava em 12,99%, em queda de 5 pontos-base ante 13,043% do ajuste anterior, e o contrato para janeiro de 2033 tinha taxa de 12,88%, ante 12,923%.<\/p>\n<p>Pela manh\u00e3 as taxas dos DIs oscilaram em alta, em sintonia com o avan\u00e7o firme do d\u00f3lar ante o real e a queda do Ibovespa, numa sess\u00e3o marcada pela avers\u00e3o global ao risco em meio \u00e0 escalada do conflito entre R\u00fassia e Ucr\u00e2nia.<\/p>\n<p>Nem mesmo os dados da arrecada\u00e7\u00e3o federal de outubro, que agradaram o mercado, foram suficientes para reduzir os pr\u00eamios na curva. A Receita Federal informou que a arrecada\u00e7\u00e3o teve alta real (descontada a infla\u00e7\u00e3o) de 9,77% em outubro sobre o mesmo m\u00eas do ano anterior, somando 247,92 bilh\u00f5es de reais. Este foi o melhor resultado para o m\u00eas da s\u00e9rie hist\u00f3rica iniciada em 1995.<\/p>\n<p>No acumulado de janeiro a outubro, a arrecada\u00e7\u00e3o foi de 2,182 trilh\u00f5es de reais, 9,69% acima do registrado nos primeiros dez meses de 2023, j\u00e1 descontada a corre\u00e7\u00e3o pela infla\u00e7\u00e3o. O dado tamb\u00e9m representa um recorde para o per\u00edodo.<\/p>\n<p>Durante a tarde, no entanto, o cen\u00e1rio no mercado de renda fixa mudou. Perto das 14h as taxas perderam for\u00e7a e migraram para o territ\u00f3rio negativo, em especial entre os contratos mais longos.<\/p>\n<p>Cinco profissionais de diferentes institui\u00e7\u00f5es ouvidos pela Reuters n\u00e3o apontaram um motivo espec\u00edfico, dentro do notici\u00e1rio, para que as taxas cedessem.<\/p>\n<p>Conforme profissional da mesa de um grande banco de investimentos, alguns participantes do mercado \u201ctomaram\u201d taxas na abertura dos neg\u00f3cios, prevendo o pior para o dia, mas passaram a devolver durante a tarde, j\u00e1 que n\u00e3o surgiram novidades de impacto.<\/p>\n<p>Al\u00e9m do movimento espec\u00edfico do dia, alguns agentes aproveitaram para realizar lucros ap\u00f3s as altas recentes das taxas em sess\u00f5es anteriores.<\/p>\n<p>\u201cN\u00e3o vejo nenhum motivo aparente para esse fechamento da curva. Nenhuma not\u00edcia nova que tenha impulsionado isso\u201d, comentou durante a tarde Felipe Izac, s\u00f3cio da Nexgen Capital. \u201cProvavelmente nessa volta de feriado o mercado (est\u00e1) fazendo um movimento de corre\u00e7\u00e3o e realiza\u00e7\u00e3o de ganhos pela forte alta que aconteceu recentemente\u201d, acrescentou.<\/p>\n<p>Na quarta-feira, feriado nacional do Dia da Consci\u00eancia Negra, os mercados permaneceram fechados.<\/p>\n<p>Ap\u00f3s registrar a m\u00e1xima de 13% (alta de 8 pontos-base ante o ajuste) \u00e0s 10h48, a taxa do DI para janeiro de 2033 marcou a m\u00ednima de 12,83% (baixa de 9 pontos-base) \u00e0s 15h23.<\/p>\n<p>O movimento ocorreu em paralelo \u00e0s not\u00edcias de que a Pol\u00edcia Federal indiciou o ex-presidente Jair Bolsonaro por tentativa de golpe de Estado, al\u00e9m de outras 36 pessoas, entre elas o candidato a vice na chapa bolsonarista na elei\u00e7\u00e3o de 2022, o general da reserva Walter Braga Netto.<\/p>\n<p>Profissionais ouvidos pela Reuters, no entanto, afirmaram que o notici\u00e1rio pol\u00edtico n\u00e3o influenciou os pre\u00e7os dos DIs, que se mantiveram sens\u00edveis \u00e0 quest\u00e3o fiscal.<\/p>\n<p>&#8220;Em alguns v\u00e9rtices mais longos, como o (janeiro) 2028 e 2029, tivemos um fechamento mais pronunciado (das taxas)&#8221;, comentou durante a tarde Jo\u00e3o Ferreira, s\u00f3cio da One Investimentos. &#8220;H\u00e1 uma expectativa do mercado de que (o pacote de medidas fiscais do governo) saia na pr\u00f3xima semana&#8221;, justificou.<\/p>\n<p>Na ponta curta da curva as taxas seguiram precificando chances maiores de o Banco Central em dezembro elevar em 75 pontos-base a taxa b\u00e1sica Selic, hoje em 11,25% ao ano.<\/p>\n<p>Perto do fechamento a curva brasileira precificava 65% de probabilidade de alta de 75 pontos-base da Selic no pr\u00f3ximo m\u00eas e 35% de chance de eleva\u00e7\u00e3o de 50 pontos-base. Na ter\u00e7a-feira os percentuais eram de 70% e 30%, respectivamente.<\/p>\n<p>\u00c0s 16h44, o rendimento do Treasury de dez anos &#8211;refer\u00eancia global para decis\u00f5es de investimento&#8211; subia 3 pontos-base, a 4,434%.<\/p>\n<\/p><\/div>\n<p><script async defer src=\"https:\/\/connect.facebook.net\/en_US\/sdk.js\" type=\"bcc5c8e549d0e7fe40fe7dbc-text\/javascript\"><\/script><script type=\"bcc5c8e549d0e7fe40fe7dbc-text\/javascript\">\n  !function(f,b,e,v,n,t,s)\n  {if(f.fbq)return;n=f.fbq=function(){n.callMethod?\n    n.callMethod.apply(n,arguments):n.queue.push(arguments)};\n    if(!f._fbq)f._fbq=n;n.push=n;n.loaded=!0;n.version='2.0';\n    n.queue=[];t=b.createElement(e);t.async=!0;\n    t.src=v;s=b.getElementsByTagName(e)[0];\n    s.parentNode.insertBefore(t,s)}(window, document,'script',\n    'https:\/\/connect.facebook.net\/en_US\/fbevents.js');\n  fbq('init', '153495679422335');\n  fbq('track', 'PageView');\n<\/script><br \/>\n<br \/><br \/>\n<br \/><a href=\"https:\/\/www.noticiasagricolas.com.br\/noticias\/politica-economia\/389173-taxas-futuras-de-juros-caem-em-dia-de-movimentos-tecnicos-no-brasil-e-alta-de-yields-no-exterior.html\">Source link <\/a><\/p>\n","protected":false},"excerpt":{"rendered":"<p>\u00a0 Por Fabricio de Castro S\u00c3O PAULO (Reuters) &#8211; As taxas dos DIs fecharam a quinta-feira em baixa no Brasil<\/p>\n","protected":false},"author":1,"featured_media":6667,"comment_status":"open","ping_status":"open","sticky":false,"template":"","format":"standard","meta":{"_monsterinsights_skip_tracking":false,"_monsterinsights_sitenote_active":false,"_monsterinsights_sitenote_note":"","_monsterinsights_sitenote_category":0,"_uf_show_specific_survey":0,"_uf_disable_surveys":false,"footnotes":""},"categories":[8,1,14,16],"tags":[],"class_list":["post-6666","post","type-post","status-publish","format-standard","has-post-thumbnail","hentry","category-agro","category-news","category-politica-agro","category-safra"],"_links":{"self":[{"href":"https:\/\/agromt.news\/index.php?rest_route=\/wp\/v2\/posts\/6666"}],"collection":[{"href":"https:\/\/agromt.news\/index.php?rest_route=\/wp\/v2\/posts"}],"about":[{"href":"https:\/\/agromt.news\/index.php?rest_route=\/wp\/v2\/types\/post"}],"author":[{"embeddable":true,"href":"https:\/\/agromt.news\/index.php?rest_route=\/wp\/v2\/users\/1"}],"replies":[{"embeddable":true,"href":"https:\/\/agromt.news\/index.php?rest_route=%2Fwp%2Fv2%2Fcomments&post=6666"}],"version-history":[{"count":0,"href":"https:\/\/agromt.news\/index.php?rest_route=\/wp\/v2\/posts\/6666\/revisions"}],"wp:featuredmedia":[{"embeddable":true,"href":"https:\/\/agromt.news\/index.php?rest_route=\/wp\/v2\/media\/6667"}],"wp:attachment":[{"href":"https:\/\/agromt.news\/index.php?rest_route=%2Fwp%2Fv2%2Fmedia&parent=6666"}],"wp:term":[{"taxonomy":"category","embeddable":true,"href":"https:\/\/agromt.news\/index.php?rest_route=%2Fwp%2Fv2%2Fcategories&post=6666"},{"taxonomy":"post_tag","embeddable":true,"href":"https:\/\/agromt.news\/index.php?rest_route=%2Fwp%2Fv2%2Ftags&post=6666"}],"curies":[{"name":"wp","href":"https:\/\/api.w.org\/{rel}","templated":true}]}}