{"id":6665,"date":"2024-12-15T18:59:44","date_gmt":"2024-12-15T22:59:44","guid":{"rendered":"https:\/\/agromt.news\/?p=6665"},"modified":"2024-12-15T18:59:44","modified_gmt":"2024-12-15T22:59:44","slug":"exportacoes-de-carne-em-alta-impediram-maiores-quedas-do-boi-gordo-durante-a-semana","status":"publish","type":"post","link":"https:\/\/agromt.news\/?p=6665","title":{"rendered":"Exporta\u00e7\u00f5es de carne em alta impediram maiores quedas do boi gordo durante a semana"},"content":{"rendered":"<p> <br \/>\n<\/p>\n<div>\n<p>O mercado brasileiro de boi gordo apresentou queda em suas cota\u00e7\u00f5es ao longo da semana. De acordo com o analista de Safras &amp; Mercado Fernando Iglesias, a tend\u00eancia \u00e9 de que esse movimento tenha continuidade no curto prazo. <\/p>\n<p>\u201cCom escalas de abate mais alongadas, os <strong><a href=\"https:\/\/www.canalrural.com.br\/tag\/frigorificos\/\">frigor\u00edficos<\/a><\/strong> testam pre\u00e7os mais baixos na compra de boi\u201d, ressalta.<\/p>\n<p>Segundo ele, a dificuldade nos repasses de pre\u00e7o do boi ao longo da cadeia produtiva, com o consumidor brasileiro ainda propenso ao consumo de prote\u00ednas de menor valor agregado, tamb\u00e9m \u00e9 atribu\u00eddo como um fator de baixa aos pre\u00e7os.<\/p>\n<p>\u201cPor outro lado, as exporta\u00e7\u00f5es ainda s\u00e3o a principal v\u00e1lvula de escape neste momento\u201d, comenta.<\/p>\n<\/div>\n<div>\n<h2 class=\"wp-block-heading\" id=\"h-variacoes-da-arroba-do-boi-na-semana\">Varia\u00e7\u00f5es da arroba do boi na semana<\/h2>\n<pre class=\"wp-block-code\"><code>Os pre\u00e7os da arroba do boi gordo na modalidade a prazo nas principais pra\u00e7as de comercializa\u00e7\u00e3o do pa\u00eds estavam assim no dia 12 de dezembro:<\/code><\/pre>\n<ul class=\"wp-block-list\">\n<li><strong>S\u00e3o Paulo (Capital):<\/strong> R$ 315, queda de 3,08% frente aos R$ 325 registrados na semana passada<\/li>\n<li><strong>Goi\u00e1s (Goi\u00e2nia): <\/strong>R$ 300, recuo de 4,76% perante R$ 315<\/li>\n<li><strong>Minas Gerais (Uberaba):<\/strong> R$ 315, est\u00e1vel frente ao fechamento da semana anterior<\/li>\n<li><strong>Mato Grosso do Sul (Dourados):<\/strong> R$ 315, sem mudan\u00e7as frente \u00e0 \u00faltima semana<\/li>\n<li><strong>Mato Grosso (Cuiab\u00e1):<\/strong> R$ 300, 3,23% aqu\u00e9m dos R$ 310<\/li>\n<li><strong>Rond\u00f4nia (Vilhena):<\/strong> R$ 280, retra\u00e7\u00e3o de 3,45% em rela\u00e7\u00e3o aos R$ 290<\/li>\n<\/ul>\n<h2 class=\"wp-block-heading\" id=\"h-mercado-atacadista\">Mercado atacadista<\/h2>\n<p>O mercado atacadista se deparou com pre\u00e7os est\u00e1veis no decorrer da semana. Segundo Iglesias, diante dos pre\u00e7os elevados dos cortes bovinos, o consumidor tem priorizado a busca por prote\u00ednas de menor valor agregado, a exemplo dos cortes su\u00ednos (substituindo os cortes do traseiro) e a carne de frango (substituindo os cortes do dianteiro bovino).<\/p>\n<pre class=\"wp-block-code\"><code>Os cortes do dianteiro do boi se mantiveram em R$ 20,50 o quilo. J\u00e1 os cortes do traseiro do boi tiveram estabilidade, cotados a R$ 27,00 o quilo.<\/code><\/pre>\n<h2 class=\"wp-block-heading\" id=\"h-exportacoes-de-carne-bovina\">Exporta\u00e7\u00f5es de carne bovina<\/h2>\n<figure class=\"wp-block-image size-full\"><img fetchpriority=\"high\" decoding=\"async\" width=\"768\" height=\"511\" alt=\"registro, frigor\u00edficos, carne bovina, su\u00edna\" class=\"wp-image-268026\"  data-lazy- src=\"https:\/\/agromt.news\/wp-content\/uploads\/2024\/12\/Exportacoes-de-carne-em-alta-impediram-maiores-quedas-do-boi.jpeg\"\/><img decoding=\"async\" width=\"768\" height=\"511\" src=\"https:\/\/agromt.news\/wp-content\/uploads\/2024\/12\/Exportacoes-de-carne-em-alta-impediram-maiores-quedas-do-boi.jpeg\" alt=\"registro, frigor\u00edficos, carne bovina, su\u00edna\" class=\"wp-image-268026\"  \/><figcaption class=\"wp-element-caption\">Foto:  Minist\u00e9rio da Agricultura\/divulga\u00e7\u00e3o <\/figcaption><\/figure>\n<p>As exporta\u00e7\u00f5es de carne bovina fresca, congelada ou refrigerada do Brasil renderam US$ 212,393 milh\u00f5es em dezembro (5 dias \u00fateis), com m\u00e9dia di\u00e1ria de US$ 42,478 milh\u00f5es, de acordo com a Secretaria de Com\u00e9rcio Exterior (Secex).<\/p>\n<p>A quantidade total exportada pelo pa\u00eds chegou a 43,033 mil toneladas, com m\u00e9dia di\u00e1ria de 8,606 mil toneladas. O pre\u00e7o m\u00e9dio da tonelada ficou em US$ 4.935,50.<\/p>\n<pre class=\"wp-block-code\"><code>Em rela\u00e7\u00e3o a dezembro de 2023, houve baixa de 10,4% no valor m\u00e9dio di\u00e1rio da exporta\u00e7\u00e3o, queda de 17,4% na quantidade m\u00e9dia di\u00e1ria exportada e avan\u00e7o de 8,5% no pre\u00e7o m\u00e9dio. <\/code><\/pre>\n<\/p><\/div>\n<p><br \/>\n<br \/><a href=\"https:\/\/www.canalrural.com.br\/pecuaria\/exportacoes-de-carne-em-alta-impediram-maiores-quedas-do-boi-gordo-durante-a-semana\/\">Source link <\/a><\/p>\n","protected":false},"excerpt":{"rendered":"<p>O mercado brasileiro de boi gordo apresentou queda em suas cota\u00e7\u00f5es ao longo da semana. De acordo com o analista<\/p>\n","protected":false},"author":1,"featured_media":6145,"comment_status":"open","ping_status":"open","sticky":false,"template":"","format":"standard","meta":{"_monsterinsights_skip_tracking":false,"_monsterinsights_sitenote_active":false,"_monsterinsights_sitenote_note":"","_monsterinsights_sitenote_category":0,"_uf_show_specific_survey":0,"_uf_disable_surveys":false,"footnotes":""},"categories":[1],"tags":[],"class_list":["post-6665","post","type-post","status-publish","format-standard","has-post-thumbnail","hentry","category-news"],"_links":{"self":[{"href":"https:\/\/agromt.news\/index.php?rest_route=\/wp\/v2\/posts\/6665"}],"collection":[{"href":"https:\/\/agromt.news\/index.php?rest_route=\/wp\/v2\/posts"}],"about":[{"href":"https:\/\/agromt.news\/index.php?rest_route=\/wp\/v2\/types\/post"}],"author":[{"embeddable":true,"href":"https:\/\/agromt.news\/index.php?rest_route=\/wp\/v2\/users\/1"}],"replies":[{"embeddable":true,"href":"https:\/\/agromt.news\/index.php?rest_route=%2Fwp%2Fv2%2Fcomments&post=6665"}],"version-history":[{"count":0,"href":"https:\/\/agromt.news\/index.php?rest_route=\/wp\/v2\/posts\/6665\/revisions"}],"wp:featuredmedia":[{"embeddable":true,"href":"https:\/\/agromt.news\/index.php?rest_route=\/wp\/v2\/media\/6145"}],"wp:attachment":[{"href":"https:\/\/agromt.news\/index.php?rest_route=%2Fwp%2Fv2%2Fmedia&parent=6665"}],"wp:term":[{"taxonomy":"category","embeddable":true,"href":"https:\/\/agromt.news\/index.php?rest_route=%2Fwp%2Fv2%2Fcategories&post=6665"},{"taxonomy":"post_tag","embeddable":true,"href":"https:\/\/agromt.news\/index.php?rest_route=%2Fwp%2Fv2%2Ftags&post=6665"}],"curies":[{"name":"wp","href":"https:\/\/api.w.org\/{rel}","templated":true}]}}