{"id":6660,"date":"2024-12-15T15:10:52","date_gmt":"2024-12-15T19:10:52","guid":{"rendered":"https:\/\/agromt.news\/?p=6660"},"modified":"2024-12-15T15:10:52","modified_gmt":"2024-12-15T19:10:52","slug":"juros-voltam-a-subir-e-devem-ter-impacto-direto-na-cesta-basica","status":"publish","type":"post","link":"https:\/\/agromt.news\/?p=6660","title":{"rendered":"Juros voltam a subir e devem ter impacto direto na cesta b\u00e1sica"},"content":{"rendered":"<p> <br \/>\n<br \/><img decoding=\"async\" src=\"https:\/\/agromt.news\/wp-content\/uploads\/2024\/12\/Juros-voltam-a-subir-e-devem-ter-impacto-direto-na.jpg\" \/><\/p>\n<div>\n<p>Na \u00faltima reuni\u00e3o de 2024, o Comit\u00ea de Pol\u00edtica Monet\u00e1ria (Copom) elevou a taxa <strong><a href=\"http:\/\/www.canalrural.com.br\/tag\/selic\/\">Selic <\/a><\/strong>de 11,25% para 12,25% ao ano, marcando a terceira alta consecutiva. A decis\u00e3o busca controlar a infla\u00e7\u00e3o, mas seus impactos j\u00e1 s\u00e3o sentidos no bolso do consumidor, especialmente no aumento dos pre\u00e7os de alimentos e servi\u00e7os.<\/p>\n<p>O \u00cdndice Nacional de Pre\u00e7os ao Consumidor Amplo (IPCA), que mede a infla\u00e7\u00e3o oficial do pa\u00eds, registrou 0,39% em novembro. O resultado desacelerou na compara\u00e7\u00e3o com outubro, mas continua pressionado pelo aumento do pre\u00e7o das carnes e das passagens a\u00e9reas. No acumulado de 12 meses, a infla\u00e7\u00e3o chega a 4,87%, afetando itens b\u00e1sicos como \u00f3leo de soja e tomate.\u00a0<\/p>\n<h2 class=\"wp-block-heading\" id=\"h-juros-altos-e-consumo-reduzido\">Juros altos e consumo reduzido<\/h2>\n<p>Segundo Gustavo Defendi, s\u00f3cio-diretor da Real Cestas, empresa que atua no segmento de cestas b\u00e1sicas, as altas taxas de juros tornam o cr\u00e9dito mais caro, tanto para fornecedores quanto para consumidores. \u201cOs custos de produ\u00e7\u00e3o aumentam, refletindo no pre\u00e7o final das cestas b\u00e1sicas. Para os consumidores, o poder de compra \u00e9 reduzido, o que pode impactar negativamente a demanda por alimentos essenciais\u201d, afirma. No caso da <a href=\"https:\/\/www.canalrural.com.br\/tag\/cesta-basica\/\">cesta b\u00e1sica<\/a>, essa combina\u00e7\u00e3o de fatores pode levar a escolhas mais econ\u00f4micas e \u00e0 prioriza\u00e7\u00e3o de gastos essenciais.<\/p>\n<\/div>\n<div>\n<p>A previs\u00e3o \u00e9 de que, em dezembro, os pre\u00e7os permane\u00e7am elevados devido \u00e0 alta demanda t\u00edpica das festas de fim de ano. O especialista alerta para restri\u00e7\u00f5es.<strong> <\/strong>\u201cOs custos de energia, que representam cerca de 23,1% do pre\u00e7o final das cestas b\u00e1sicas, pressionam ainda mais os pre\u00e7os, impactando tanto consumidores quanto comerciantes\u201d, destaca. Para Defendi, mesmo com a expectativa de maior consumo, a alta de pre\u00e7os e a redu\u00e7\u00e3o do poder aquisitivo devem limitar o acesso aos produtos.<\/p>\n<h2 class=\"wp-block-heading\" id=\"h-corte-de-gastos-e-seguranca-alimentar\">Corte de gastos e seguran\u00e7a alimentar<\/h2>\n<p>Outro fator \u00e9 o corte de gastos anunciado pelo governo, que tamb\u00e9m pode afetar o mercado de cestas b\u00e1sicas. Defendi explica que programas sociais e subs\u00eddios, fundamentais para fam\u00edlias de baixa renda, podem ser impactados, reduzindo a capacidade dessas fam\u00edlias de adquirir alimentos. <\/p>\n<p>Al\u00e9m disso, a redu\u00e7\u00e3o em investimentos log\u00edsticos pode encarecer a distribui\u00e7\u00e3o, agravando a press\u00e3o nos pre\u00e7os.<\/p>\n<h2 class=\"wp-block-heading\" id=\"h-perspectiva-para-2025\">Perspectiva para 2025<\/h2>\n<p>De acordo com o s\u00f3cio-diretor da Real Cestas, o cen\u00e1rio econ\u00f4mico deve permanecer desafiador no pr\u00f3ximo ano, com juros elevados e infla\u00e7\u00e3o ainda pressionada. Para o setor de cestas b\u00e1sicas, isso significa custos de produ\u00e7\u00e3o mais altos e uma demanda possivelmente retra\u00edda. \u201c\u00c9 fundamental que pol\u00edticas p\u00fablicas considerem esses fatores para evitar que a seguran\u00e7a alimentar seja comprometida\u201d, finaliza Defendi.<\/p>\n<\/p><\/div>\n<p><br \/>\n<br \/><a href=\"https:\/\/www.canalrural.com.br\/economia\/juros-voltam-a-subir-e-devem-ter-impacto-direto-na-cesta-basica\/\">Source link <\/a><\/p>\n","protected":false},"excerpt":{"rendered":"<p>Na \u00faltima reuni\u00e3o de 2024, o Comit\u00ea de Pol\u00edtica Monet\u00e1ria (Copom) elevou a taxa Selic de 11,25% para 12,25% ao<\/p>\n","protected":false},"author":1,"featured_media":6661,"comment_status":"open","ping_status":"open","sticky":false,"template":"","format":"standard","meta":{"_monsterinsights_skip_tracking":false,"_monsterinsights_sitenote_active":false,"_monsterinsights_sitenote_note":"","_monsterinsights_sitenote_category":0,"_uf_show_specific_survey":0,"_uf_disable_surveys":false,"footnotes":""},"categories":[1],"tags":[],"class_list":["post-6660","post","type-post","status-publish","format-standard","has-post-thumbnail","hentry","category-news"],"_links":{"self":[{"href":"https:\/\/agromt.news\/index.php?rest_route=\/wp\/v2\/posts\/6660"}],"collection":[{"href":"https:\/\/agromt.news\/index.php?rest_route=\/wp\/v2\/posts"}],"about":[{"href":"https:\/\/agromt.news\/index.php?rest_route=\/wp\/v2\/types\/post"}],"author":[{"embeddable":true,"href":"https:\/\/agromt.news\/index.php?rest_route=\/wp\/v2\/users\/1"}],"replies":[{"embeddable":true,"href":"https:\/\/agromt.news\/index.php?rest_route=%2Fwp%2Fv2%2Fcomments&post=6660"}],"version-history":[{"count":0,"href":"https:\/\/agromt.news\/index.php?rest_route=\/wp\/v2\/posts\/6660\/revisions"}],"wp:featuredmedia":[{"embeddable":true,"href":"https:\/\/agromt.news\/index.php?rest_route=\/wp\/v2\/media\/6661"}],"wp:attachment":[{"href":"https:\/\/agromt.news\/index.php?rest_route=%2Fwp%2Fv2%2Fmedia&parent=6660"}],"wp:term":[{"taxonomy":"category","embeddable":true,"href":"https:\/\/agromt.news\/index.php?rest_route=%2Fwp%2Fv2%2Fcategories&post=6660"},{"taxonomy":"post_tag","embeddable":true,"href":"https:\/\/agromt.news\/index.php?rest_route=%2Fwp%2Fv2%2Ftags&post=6660"}],"curies":[{"name":"wp","href":"https:\/\/api.w.org\/{rel}","templated":true}]}}