{"id":6656,"date":"2024-12-15T12:17:47","date_gmt":"2024-12-15T16:17:47","guid":{"rendered":"https:\/\/agromt.news\/?p=6656"},"modified":"2024-12-15T12:17:47","modified_gmt":"2024-12-15T16:17:47","slug":"mesmo-com-resistencia-do-agro-homenagem-a-lider-do-mst-e-confirmada","status":"publish","type":"post","link":"https:\/\/agromt.news\/?p=6656","title":{"rendered":"Mesmo com resist\u00eancia do agro, homenagem a l\u00edder do MST \u00e9 confirmada"},"content":{"rendered":"<p> <br \/>\n<br \/><img decoding=\"async\" src=\"https:\/\/agromt.news\/wp-content\/uploads\/2024\/12\/Homenagem-ao-lider-do-MST-gera-revolta-de-produtores-e.jpg\" \/><\/p>\n<div>\n<p>A Assembleia Legislativa do Rio Grande do Sul confirmou a entrega da Medalha do M\u00e9rito Farroupilha ao l\u00edder do Movimento dos Trabalhadores Rurais Sem Terra (MST), Jo\u00e3o Pedro St\u00e9dile. A homenagem est\u00e1 prevista para a segunda-feira (16), \u00e0s 17h.<\/p>\n<p>A honraria \u00e9 a condecora\u00e7\u00e3o m\u00e1xima conferida pelo Poder Legislativo ga\u00facho e \u00e9 destinada a pessoas que contribu\u00edram para o desenvolvimento econ\u00f4mico, social e cultural do estado.<\/p>\n<p>Com isso, a Mesa Diretora da Assembleia n\u00e3o atendeu ao pedido de deputados da oposi\u00e7\u00e3o, produtores rurais e entidades do setor agropecu\u00e1rio de barrar a outorga da medalha. De acordo com o presidente da Casa, deputado Afonso Brito, \u201cn\u00e3o h\u00e1 viabilidade jur\u00eddica de cancelar a homenagem, cuja decis\u00e3o foi tomada em fevereiro deste ano\u201d.<\/p>\n<p>No comunicado, ele enfatiza que a concess\u00e3o da honraria ocorreu no come\u00e7o de 2024 e, apenas agora, na v\u00e9spera da cerim\u00f4nia de sua entrega, os deputados suscitam tal discuss\u00e3o.<\/p>\n<h2 class=\"wp-block-heading\" id=\"h-repudio-a-indicacao-do-lider-do-mst\">Rep\u00fadio \u00e0 indica\u00e7\u00e3o do l\u00edder do MST<\/h2>\n<p>Na \u00faltima segunda-feira (9), o presidente da Comiss\u00e3o de Agricultura da Assembleia Legislativa do Rio Grande do Sul, o deputado Luciano Silveira, destacou que para o agroneg\u00f3cio, a entrega da medalha a St\u00e9dile \u00e9 uma afronta. <\/p>\n<p>\u201cEstamos com uma grande mobiliza\u00e7\u00e3o para que isso n\u00e3o aconte\u00e7a, baseado na defesa do agricultor, na inseguran\u00e7a que as invas\u00f5es de terra geram. H\u00e1 poucos dias, em Pedras Altas, tivemos novas invas\u00f5es e n\u00e3o pode um estado produtivo, um estado que depende da agricultura, estar homenageando um invasor de terra\u201d, disse.<\/p>\n<\/div>\n<div>\n<p>No mesmo dia, a Frente Parlamentar da Agropecu\u00e1ria (FPA) tamb\u00e9m manifestou o seu repudio \u00e0 indica\u00e7\u00e3o da medalha ao l\u00edder do MST. <\/p>\n<p>\u201cEsta indica\u00e7\u00e3o fere gravemente a integridade da honraria e o princ\u00edpio constitucional do direito \u00e0 propriedade, representando uma afronta ao povo ga\u00facho, v\u00edtima de uma onda de invas\u00f5es do movimento na semana passada, no munic\u00edpio de Pedras Altas\u201d, disse a nota.<\/p>\n<p>O texto da FPA finaliza: \u201cHomenagear algu\u00e9m que motiva a desordem, promove a viol\u00eancia e amea\u00e7a a seguran\u00e7a de milhares de fam\u00edlias dias ap\u00f3s tomar a terra de pessoas na \u2018m\u00e3o grande\u2019 mais se parece pano de fundo para uma s\u00e9rie de a\u00e7\u00f5es orquestradas do movimento e que contraria os interesses da popula\u00e7\u00e3o do RS\u201d.<\/p>\n<p>De acordo com o <strong><a href=\"https:\/\/sul21.com.br\/\">portal Sul 21<\/a><\/strong>, em debate na \u00faltima quinta-feira (12) no programa \u201cConversas Cruzadas\u201d, da GZH, o deputado delegado Zucco (Republicanos) chegou a dizer que poder\u00e1 dar voz de pris\u00e3o para St\u00e9dile se ele \u201cincentivar invas\u00e3o de terras\u201d durante a homenagem na Assembleia.<\/p>\n<h2 class=\"wp-block-heading\" id=\"h-justificativa-a-homenagem\">Justificativa \u00e0 homenagem <\/h2>\n<p>Para justificar a indica\u00e7\u00e3o de St\u00e9dile \u00e0 medalha do M\u00e9rito Farroupilha, o autor da proposta, deputado Ad\u00e3o Pretto Filho, ressaltou que \u201ctrata-se de uma justa homenagem ao maior movimento social do Brasil, amplamente reconhecido no cen\u00e1rio internacional por sua contribui\u00e7\u00e3o \u00e0 produ\u00e7\u00e3o de alimentos saud\u00e1veis, \u00e0 preserva\u00e7\u00e3o ambiental e \u00e0 luta por justi\u00e7a social no campo\u201d. <\/p>\n<p>Pretto Filho prosseguiu: \u201cMesmo diante de ataques de parlamentares mais radicais, cuja vis\u00e3o preconceituosa busca deslegitimar o movimento e os trabalhadores rurais sem terra, nunca houve receio de que a condecora\u00e7\u00e3o pudesse ser cancelada. Confiamos plenamente na soberania do Parlamento ga\u00facho e na integridade de suas decis\u00f5es\u201d.<\/p>\n<\/p><\/div>\n<p><br \/>\n<br \/><a href=\"https:\/\/www.canalrural.com.br\/agricultura\/agronegocio\/mesmo-com-resistencia-do-agro-homenagem-a-lider-do-mst-e-confirmada\/\">Source link <\/a><\/p>\n","protected":false},"excerpt":{"rendered":"<p>A Assembleia Legislativa do Rio Grande do Sul confirmou a entrega da Medalha do M\u00e9rito Farroupilha ao l\u00edder do Movimento<\/p>\n","protected":false},"author":1,"featured_media":6328,"comment_status":"open","ping_status":"open","sticky":false,"template":"","format":"standard","meta":{"_monsterinsights_skip_tracking":false,"_monsterinsights_sitenote_active":false,"_monsterinsights_sitenote_note":"","_monsterinsights_sitenote_category":0,"_uf_show_specific_survey":0,"_uf_disable_surveys":false,"footnotes":""},"categories":[1],"tags":[],"class_list":["post-6656","post","type-post","status-publish","format-standard","has-post-thumbnail","hentry","category-news"],"_links":{"self":[{"href":"https:\/\/agromt.news\/index.php?rest_route=\/wp\/v2\/posts\/6656"}],"collection":[{"href":"https:\/\/agromt.news\/index.php?rest_route=\/wp\/v2\/posts"}],"about":[{"href":"https:\/\/agromt.news\/index.php?rest_route=\/wp\/v2\/types\/post"}],"author":[{"embeddable":true,"href":"https:\/\/agromt.news\/index.php?rest_route=\/wp\/v2\/users\/1"}],"replies":[{"embeddable":true,"href":"https:\/\/agromt.news\/index.php?rest_route=%2Fwp%2Fv2%2Fcomments&post=6656"}],"version-history":[{"count":0,"href":"https:\/\/agromt.news\/index.php?rest_route=\/wp\/v2\/posts\/6656\/revisions"}],"wp:featuredmedia":[{"embeddable":true,"href":"https:\/\/agromt.news\/index.php?rest_route=\/wp\/v2\/media\/6328"}],"wp:attachment":[{"href":"https:\/\/agromt.news\/index.php?rest_route=%2Fwp%2Fv2%2Fmedia&parent=6656"}],"wp:term":[{"taxonomy":"category","embeddable":true,"href":"https:\/\/agromt.news\/index.php?rest_route=%2Fwp%2Fv2%2Fcategories&post=6656"},{"taxonomy":"post_tag","embeddable":true,"href":"https:\/\/agromt.news\/index.php?rest_route=%2Fwp%2Fv2%2Ftags&post=6656"}],"curies":[{"name":"wp","href":"https:\/\/api.w.org\/{rel}","templated":true}]}}