{"id":6619,"date":"2024-12-14T11:10:03","date_gmt":"2024-12-14T15:10:03","guid":{"rendered":"https:\/\/agromt.news\/?p=6619"},"modified":"2024-12-14T11:10:03","modified_gmt":"2024-12-14T15:10:03","slug":"pressao-baixista-persiste-no-mercado-do-boi-gordo","status":"publish","type":"post","link":"https:\/\/agromt.news\/?p=6619","title":{"rendered":"Press\u00e3o baixista persiste no mercado do boi gordo"},"content":{"rendered":"<p> <br \/>\n<\/p>\n<div>\n<div class=\"row\">\n<div class=\"col-lg col-infos mt-3 mt-lg-0\">\n<div class=\"section-sub-title\">\n<p itemprop=\"description\">&#13;<br \/>\n                                Essa din\u00e2mica reflete o atual momento de mudan\u00e7a de ciclo no setor&#13;\n                            <\/p>\n<\/p><\/div>\n<div class=\"container\">\n<div class=\"row\">\n<div class=\"col-lg p-0\">\n<div>\n<div class=\"block-news-main-infos mt-3 text-start\">\n<p>                                            <strong class=\"fn\" itemprop=\"author\" style=\"color: rgb(112, 112, 112); \">&#13;<br \/>\n                                                <a href=\"https:\/\/www.agrolink.com.br\/noticias\/javascript:;\" class=\"text-uppercase\" target=\"_blank\" style=\"color: rgb(112, 112, 112); \" rel=\"noopener\">Agrolink<\/a>&#13;<br \/>\n&#13;<br \/>\n                                                    &#8211; Leonardo Gottems&#13;<br \/>\n&#13;<br \/>\n                                            <\/strong><br \/>\n                                        <\/p>\n<p>                                            <abbr><time datetime=\"2024-12-13T10:34\" itemprop=\"datePublished dateModified\">Publicado em 13\/12\/2024 \u00e0s 10:34h.<\/time><\/abbr><br \/>\n                                            <\/p><\/div>\n<\/p><\/div>\n<\/p><\/div>\n<div class=\"col-lg p-0 text-lg-end\">\n<div>\n<div id=\"mdEnviarPagina\" class=\"modal fade\" role=\"dialog\">\n<div class=\"modal-dialog\">\n<div class=\"modal-content\">\n<div class=\"modal-body\">\n<p><strong>Estimado usu\u00e1rio.<\/strong><br \/>Preencha o formul\u00e1rio abaixo para remeter a p\u00e1gina.<\/p>\n<\/p><\/div>\n<\/p><\/div>\n<\/p><\/div>\n<\/div><\/div>\n<\/p><\/div>\n<\/p><\/div>\n<\/p><\/div>\n<\/p><\/div>\n<\/p><\/div>\n<div class=\"row justify-content-md-center mt-3\">\n<div class=\"col-lg-auto col-image  block-news-main-image d-none d-md-block\">\n<p>                            <img decoding=\"async\" src=\"https:\/\/www.agrolink.com.br\/upload\/imagens-resizes\/da1b4b8100244e948cf9e63c9ecbf6ec_858x483.jpg\" class=\"lazyload \" alt=\"Essa din\u00e2mica reflete o atual momento de mudan\u00e7a de ciclo no setor\"\/><br \/>\n                                            <span class=\"d-block mt-1\">Essa din\u00e2mica reflete o atual momento de mudan\u00e7a de ciclo no setor &#8211; Foto: Divulga\u00e7\u00e3o<\/span><\/p><\/div>\n<\/p><\/div>\n<div class=\"section-description section-description-noticias mt-3\">\n<p>De acordo com an\u00e1lise da StoneX, o mercado do boi gordo na B3 segue pressionado por uma tend\u00eancia de baixa. O \u00edndice cont\u00ednuo do boi gordo registrou queda para R$ 310\/@ na \u00faltima semana, uma redu\u00e7\u00e3o significativa em rela\u00e7\u00e3o aos R$ 350\/@ observados no final de novembro de 2023. Al\u00e9m disso, os contratos futuros, especialmente os de fevereiro de 2025, est\u00e3o sendo negociados a R$ 307\/@, com alertas de que os pre\u00e7os possam recuar ainda mais, chegando \u00e0 marca de R$ 300\/@. \u00a0&#13;\n<\/p>\n<p>Essa din\u00e2mica reflete o atual momento de mudan\u00e7a de ciclo no setor, em que a redu\u00e7\u00e3o da oferta e a demanda aquecida, tanto no mercado interno quanto no externo, n\u00e3o foram suficientes para impedir a queda nos pre\u00e7os. Um fator relevante para explicar essa varia\u00e7\u00e3o \u00e9 o aumento dos abates, indicando que o volume ofertado no mercado pode ter superado a demanda efetiva, pressionando as cota\u00e7\u00f5es. \u00a0<\/p>\n<p>Com o mercado em alerta, agentes econ\u00f4micos seguem monitorando de perto os dias de espera para compras nos frigor\u00edficos, que podem indicar desequil\u00edbrios entre oferta e demanda. Al\u00e9m disso, a volatilidade dos contratos futuros na B3 e sua resposta a esses movimentos seguem como pontos de aten\u00e7\u00e3o para os pr\u00f3ximos meses. \u00a0&#13;\n<\/p>\n<p>\u201cSem d\u00favidas em rela\u00e7\u00e3o com a mudan\u00e7a de ciclo e a redu\u00e7\u00e3o da oferta, assim como com a demanda tanto externa como interna ainda aquecidas, a explica\u00e7\u00e3o dessa brusca varia\u00e7\u00e3o estaria no n\u00edvel de abates, j\u00e1 que h\u00e1 ind\u00edcios de que o volume que esperava ser vendido se encontrava acima da demanda a ser realizada. Sendo assim, continuar\u00e3o sendo monitoradas de perto os dias de espera para compras nos frigor\u00edficos, assim como volatilidade nas negocia\u00e7\u00f5es das cota\u00e7\u00f5es futuras e as suas respostas em rela\u00e7\u00e3o a isso\u201d, conclui.<br \/>&#13;<br \/>\n\u00a0<\/p>\n<\/p><\/div>\n<\/p><\/div>\n<p><script data-cfasync=\"false\">\n    !function (f, b, e, v, n, t, s) {\n        if (f.fbq) return; n = f.fbq = function () {\n            n.callMethod ?\n                n.callMethod.apply(n, arguments) : n.queue.push(arguments)\n        };\n        if (!f._fbq) f._fbq = n; n.push = n; n.loaded = !0; n.version = '2.0';\n        n.queue = []; t = b.createElement(e); t.async = !0;\n        t.src = v; s = b.getElementsByTagName(e)[0];\n        s.parentNode.insertBefore(t, s)\n    }(window, document, 'script',\n        'https:\/\/connect.facebook.net\/en_US\/fbevents.js');\n    fbq('init', '522546078623747');\n    fbq('track', 'PageView');\n<\/script><br \/>\n<br \/><br \/>\n<br \/><a href=\"https:\/\/www.agrolink.com.br\/noticias\/pressao-baixista-persiste-no-mercado-do-boi-gordo_497660.html\">Source link <\/a><\/p>\n","protected":false},"excerpt":{"rendered":"<p>&#13; Essa din\u00e2mica reflete o atual momento de mudan\u00e7a de ciclo no setor&#13; &#13; Agrolink&#13; &#13; &#8211; Leonardo Gottems&#13; &#13;<\/p>\n","protected":false},"author":1,"featured_media":1220,"comment_status":"open","ping_status":"open","sticky":false,"template":"","format":"standard","meta":{"_monsterinsights_skip_tracking":false,"_monsterinsights_sitenote_active":false,"_monsterinsights_sitenote_note":"","_monsterinsights_sitenote_category":0,"_uf_show_specific_survey":0,"_uf_disable_surveys":false,"footnotes":""},"categories":[8,1,14],"tags":[],"class_list":["post-6619","post","type-post","status-publish","format-standard","has-post-thumbnail","hentry","category-agro","category-news","category-politica-agro"],"_links":{"self":[{"href":"https:\/\/agromt.news\/index.php?rest_route=\/wp\/v2\/posts\/6619"}],"collection":[{"href":"https:\/\/agromt.news\/index.php?rest_route=\/wp\/v2\/posts"}],"about":[{"href":"https:\/\/agromt.news\/index.php?rest_route=\/wp\/v2\/types\/post"}],"author":[{"embeddable":true,"href":"https:\/\/agromt.news\/index.php?rest_route=\/wp\/v2\/users\/1"}],"replies":[{"embeddable":true,"href":"https:\/\/agromt.news\/index.php?rest_route=%2Fwp%2Fv2%2Fcomments&post=6619"}],"version-history":[{"count":0,"href":"https:\/\/agromt.news\/index.php?rest_route=\/wp\/v2\/posts\/6619\/revisions"}],"wp:featuredmedia":[{"embeddable":true,"href":"https:\/\/agromt.news\/index.php?rest_route=\/wp\/v2\/media\/1220"}],"wp:attachment":[{"href":"https:\/\/agromt.news\/index.php?rest_route=%2Fwp%2Fv2%2Fmedia&parent=6619"}],"wp:term":[{"taxonomy":"category","embeddable":true,"href":"https:\/\/agromt.news\/index.php?rest_route=%2Fwp%2Fv2%2Fcategories&post=6619"},{"taxonomy":"post_tag","embeddable":true,"href":"https:\/\/agromt.news\/index.php?rest_route=%2Fwp%2Fv2%2Ftags&post=6619"}],"curies":[{"name":"wp","href":"https:\/\/api.w.org\/{rel}","templated":true}]}}