{"id":6614,"date":"2024-12-14T08:24:32","date_gmt":"2024-12-14T12:24:32","guid":{"rendered":"https:\/\/agromt.news\/?p=6614"},"modified":"2024-12-14T08:24:32","modified_gmt":"2024-12-14T12:24:32","slug":"festival-gastronomico-reune-produtores-rurais-e-shows-neste-fim-de-semana","status":"publish","type":"post","link":"https:\/\/agromt.news\/?p=6614","title":{"rendered":"Festival gastron\u00f4mico re\u00fane produtores rurais e shows neste fim de semana"},"content":{"rendered":"<p> <br \/>\n<\/p>\n<div>\n<p>O Parque da \u00c1gua Branca, na capital paulista, recebe o festival gastron\u00f4mico Sabor de S\u00e3o Paulo neste s\u00e1bado (14) e domingo (15). O evento \u00e9 promovido pelo <a href=\"https:\/\/www.canalrural.com.br\/tag\/sao-paulo\/\">Governo do Estado de S\u00e3o Paulo<\/a>, por meio da Secretaria de Turismo, com entrada gratuita.<\/p>\n<p>O Sabor de S\u00e3o Paulo trar\u00e1 mais de 50 produtores do interior e litoral, al\u00e9m de 10 restaurantes que v\u00e3o apresentar o melhor da gastronomia paulista. Queijos, vinhos, caf\u00e9s, pratos \u00e0 base de frutos do mar, pupunha, su\u00ednos e charcutaria s\u00e3o algumas das op\u00e7\u00f5es.<\/p>\n<p>No palco, os chefs Eudes Assis, Fabio Vieira, Ang\u00e9lica Vitali, Ju Tricate e Gabriel Coelho compartilhar\u00e3o receitas e dicas com aulas ao vivo. O espa\u00e7o contar\u00e1 tamb\u00e9m pra\u00e7a de alimenta\u00e7\u00e3o com bastante variedade. <\/p>\n<\/div>\n<div>\n<figure class=\"wp-block-image size-full\"><img fetchpriority=\"high\" decoding=\"async\" width=\"1024\" height=\"460\" alt=\"\" class=\"wp-image-4079789\"  data-lazy- src=\"https:\/\/agromt.news\/wp-content\/uploads\/2024\/12\/Festival-gastronomico-reune-produtores-rurais-e-shows-neste-fim-de.jpeg\"\/><img decoding=\"async\" width=\"1024\" height=\"460\" src=\"https:\/\/agromt.news\/wp-content\/uploads\/2024\/12\/Festival-gastronomico-reune-produtores-rurais-e-shows-neste-fim-de.jpeg\" alt=\"\" class=\"wp-image-4079789\"  \/><figcaption class=\"wp-element-caption\">Chefs v\u00e3o apresentar aulas durante o evento. Foto: Divulga\u00e7\u00e3o\/Governo de SP<\/figcaption><\/figure>\n<p>O palco do evento contar\u00e1 com apresenta\u00e7\u00f5es de Dem\u00f4nios da Garoa, Rita Lee Cover Oficial &amp; Rock\u2019nboles, Banda Allegro, Juliana Valiati, Trio Caf\u00e9 e Trio Uiraparu. Para as crian\u00e7as, o estande da Setur-SP receber\u00e1 Chico Bento e Rosinha, personagens da Turma da M\u00f4nica, que promover\u00e3o uma performance l\u00fadica e interativa.<\/p>\n<p>O Sabor de S\u00e3o Paulo \u00e9 o maior programa de valoriza\u00e7\u00e3o da gastronomia paulista, com mais de 390 produtores mapeados distribu\u00eddos em 13 rotas gastron\u00f4micas envolvendo cerca de 300 munic\u00edpios. \u00c9 uma forma de promover a gastronomia e os produtores locais e valorizar as identidades, sabores e tradi\u00e7\u00f5es locais.<\/p>\n<p>O evento ser\u00e1 realizado no Parque da \u00c1gua Branca, na avenida Francisco Matarazzo, 455. O festival acontece das 11h \u00e0s 20h e contar\u00e1 com pratos \u00e0 venda a partir de R$ 30, destacando o melhor da culin\u00e1ria regional. A programa\u00e7\u00e3o completa pode ser conferida no <a href=\"https:\/\/sabordesp.sampa.br\/\">site do festival<\/a>.<\/p>\n<\/p><\/div>\n<p><br \/>\n<br \/><a href=\"https:\/\/www.canalrural.com.br\/agricultura\/festival-gastronomico-reune-produtores-rurais-e-shows-neste-fim-de-semana\/\">Source link <\/a><\/p>\n","protected":false},"excerpt":{"rendered":"<p>O Parque da \u00c1gua Branca, na capital paulista, recebe o festival gastron\u00f4mico Sabor de S\u00e3o Paulo neste s\u00e1bado (14) e<\/p>\n","protected":false},"author":1,"featured_media":6615,"comment_status":"open","ping_status":"open","sticky":false,"template":"","format":"standard","meta":{"_monsterinsights_skip_tracking":false,"_monsterinsights_sitenote_active":false,"_monsterinsights_sitenote_note":"","_monsterinsights_sitenote_category":0,"_uf_show_specific_survey":0,"_uf_disable_surveys":false,"footnotes":""},"categories":[1],"tags":[],"class_list":["post-6614","post","type-post","status-publish","format-standard","has-post-thumbnail","hentry","category-news"],"_links":{"self":[{"href":"https:\/\/agromt.news\/index.php?rest_route=\/wp\/v2\/posts\/6614"}],"collection":[{"href":"https:\/\/agromt.news\/index.php?rest_route=\/wp\/v2\/posts"}],"about":[{"href":"https:\/\/agromt.news\/index.php?rest_route=\/wp\/v2\/types\/post"}],"author":[{"embeddable":true,"href":"https:\/\/agromt.news\/index.php?rest_route=\/wp\/v2\/users\/1"}],"replies":[{"embeddable":true,"href":"https:\/\/agromt.news\/index.php?rest_route=%2Fwp%2Fv2%2Fcomments&post=6614"}],"version-history":[{"count":0,"href":"https:\/\/agromt.news\/index.php?rest_route=\/wp\/v2\/posts\/6614\/revisions"}],"wp:featuredmedia":[{"embeddable":true,"href":"https:\/\/agromt.news\/index.php?rest_route=\/wp\/v2\/media\/6615"}],"wp:attachment":[{"href":"https:\/\/agromt.news\/index.php?rest_route=%2Fwp%2Fv2%2Fmedia&parent=6614"}],"wp:term":[{"taxonomy":"category","embeddable":true,"href":"https:\/\/agromt.news\/index.php?rest_route=%2Fwp%2Fv2%2Fcategories&post=6614"},{"taxonomy":"post_tag","embeddable":true,"href":"https:\/\/agromt.news\/index.php?rest_route=%2Fwp%2Fv2%2Ftags&post=6614"}],"curies":[{"name":"wp","href":"https:\/\/api.w.org\/{rel}","templated":true}]}}