{"id":6610,"date":"2024-12-14T07:06:44","date_gmt":"2024-12-14T11:06:44","guid":{"rendered":"https:\/\/agromt.news\/?p=6610"},"modified":"2024-12-14T07:06:44","modified_gmt":"2024-12-14T11:06:44","slug":"mato-grosso-lidera-exportacoes-de-algodao-no-brasil-aponta-imea","status":"publish","type":"post","link":"https:\/\/agromt.news\/?p=6610","title":{"rendered":"Mato Grosso lidera exporta\u00e7\u00f5es de algod\u00e3o no Brasil, aponta Imea"},"content":{"rendered":"<p> <br \/>\n<\/p>\n<div>\n<div class=\"row\">\n<div class=\"col-lg col-infos mt-3 mt-lg-0\">\n<div class=\"section-sub-title\">\n<p itemprop=\"description\">&#13;<br \/>\n                                MT consolidou lideran\u00e7a no mercado de algod\u00e3o&#13;\n                            <\/p>\n<\/p><\/div>\n<div class=\"container\">\n<div class=\"row\">\n<div class=\"col-lg p-0\">\n<div>\n<div class=\"block-news-main-infos mt-3 text-start\">\n<p>                                            <strong class=\"fn\" itemprop=\"author\" style=\"color: rgb(112, 112, 112); \">&#13;<br \/>\n                                                <a href=\"https:\/\/www.agrolink.com.br\/noticias\/javascript:;\" class=\"text-uppercase\" target=\"_blank\" style=\"color: rgb(112, 112, 112); \" rel=\"noopener\">Agrolink<\/a>&#13;<br \/>\n&#13;<br \/>\n                                                    &#8211; Aline Merladete&#13;<br \/>\n&#13;<br \/>\n                                            <\/strong><br \/>\n                                        <\/p>\n<p>                                            <abbr><time datetime=\"2024-12-13T11:18\" itemprop=\"datePublished dateModified\">Publicado em 13\/12\/2024 \u00e0s 11:18h.<\/time><\/abbr><br \/>\n                                            <\/p><\/div>\n<\/p><\/div>\n<\/p><\/div>\n<div class=\"col-lg p-0 text-lg-end\">\n<div>\n<div id=\"mdEnviarPagina\" class=\"modal fade\" role=\"dialog\">\n<div class=\"modal-dialog\">\n<div class=\"modal-content\">\n<div class=\"modal-body\">\n<p><strong>Estimado usu\u00e1rio.<\/strong><br \/>Preencha o formul\u00e1rio abaixo para remeter a p\u00e1gina.<\/p>\n<\/p><\/div>\n<\/p><\/div>\n<\/p><\/div>\n<\/div><\/div>\n<\/p><\/div>\n<\/p><\/div>\n<\/p><\/div>\n<\/p><\/div>\n<\/p><\/div>\n<div class=\"row justify-content-md-center mt-3\">\n<div class=\"col-lg-auto col-image  block-news-main-image d-none d-md-block\">\n<p>                            <img decoding=\"async\" src=\"https:\/\/www.agrolink.com.br\/upload\/imagens-resizes\/269af58c14e346fda91e0ca8569150dc_858x483.jpg\" class=\"lazyload \"\/><br \/>\n                                            <span class=\"publicity-photo d-block mt-1\">Foto: Divulga\u00e7\u00e3o<\/span><\/p><\/div>\n<\/p><\/div>\n<div class=\"section-description section-description-noticias mt-3\">\n<p style=\"text-align:justify\">Mato Grosso consolidou sua posi\u00e7\u00e3o de lideran\u00e7a no mercado brasileiro de <a href=\"https:\/\/www.agrolink.com.br\/culturas\/algodao\/\" target=\"_blank\" rel=\"noopener\">algod\u00e3o<\/a> ao exportar 186,80 mil toneladas de pluma em novembro de 2024, o maior volume mensal registrado desde o in\u00edcio da safra 2023\/24. Esse montante representou 62,37% do total exportado pelo Brasil no per\u00edodo, segundo informa\u00e7\u00f5es do Instituto Mato-grossense de Economia Agropecu\u00e1ria (Imea).&#13;\n<\/p>\n<p style=\"text-align:justify\">Entre os principais destinos do algod\u00e3o mato-grossense, a China retomou o posto de maior compradora, adquirindo 43,54 mil toneladas no m\u00eas, seguida de perto pelo Vietn\u00e3, com 42,83 mil toneladas.<\/p>\n<p style=\"text-align:justify\">No acumulado da safra 2023\/24 at\u00e9 novembro, Mato Grosso j\u00e1 embarcou 505,54 mil toneladas de algod\u00e3o, configurando o segundo maior volume da s\u00e9rie hist\u00f3rica para o per\u00edodo de agosto a novembro.<\/p>\n<p style=\"text-align:justify\"><strong>Perspectivas para a Safra 2023\/24<\/strong><\/p>\n<p style=\"text-align:justify\">O Imea projeta que Mato Grosso exporte 1,80 milh\u00e3o de toneladas de algod\u00e3o ao longo do ciclo da safra 2023\/24, com estimativa de que 1,29 milh\u00e3o de toneladas sejam embarcadas at\u00e9 julho de 2025. No entanto, \u00e9 importante destacar que o beneficiamento da safra ainda est\u00e1 em andamento, o que significa que nem toda a produ\u00e7\u00e3o est\u00e1 dispon\u00edvel para exporta\u00e7\u00e3o neste momento.&#13;\n<\/p>\n<p style=\"text-align:justify\">\u00a0<\/p>\n<\/p><\/div>\n<\/p><\/div>\n<p><script data-cfasync=\"false\">\n    !function (f, b, e, v, n, t, s) {\n        if (f.fbq) return; n = f.fbq = function () {\n            n.callMethod ?\n                n.callMethod.apply(n, arguments) : n.queue.push(arguments)\n        };\n        if (!f._fbq) f._fbq = n; n.push = n; n.loaded = !0; n.version = '2.0';\n        n.queue = []; t = b.createElement(e); t.async = !0;\n        t.src = v; s = b.getElementsByTagName(e)[0];\n        s.parentNode.insertBefore(t, s)\n    }(window, document, 'script',\n        'https:\/\/connect.facebook.net\/en_US\/fbevents.js');\n    fbq('init', '522546078623747');\n    fbq('track', 'PageView');\n<\/script><br \/>\n<br \/><br \/>\n<br \/><a href=\"https:\/\/www.agrolink.com.br\/noticias\/mato-grosso-lidera-exportacoes-de-algodao-no-brasil--aponta-imea_497663.html\">Source link <\/a><\/p>\n","protected":false},"excerpt":{"rendered":"<p>&#13; MT consolidou lideran\u00e7a no mercado de algod\u00e3o&#13; &#13; Agrolink&#13; &#13; &#8211; Aline Merladete&#13; &#13; Publicado em 13\/12\/2024 \u00e0s 11:18h.<\/p>\n","protected":false},"author":1,"featured_media":6611,"comment_status":"open","ping_status":"open","sticky":false,"template":"","format":"standard","meta":{"_monsterinsights_skip_tracking":false,"_monsterinsights_sitenote_active":false,"_monsterinsights_sitenote_note":"","_monsterinsights_sitenote_category":0,"_uf_show_specific_survey":0,"_uf_disable_surveys":false,"footnotes":""},"categories":[8,1,14],"tags":[],"class_list":["post-6610","post","type-post","status-publish","format-standard","has-post-thumbnail","hentry","category-agro","category-news","category-politica-agro"],"_links":{"self":[{"href":"https:\/\/agromt.news\/index.php?rest_route=\/wp\/v2\/posts\/6610"}],"collection":[{"href":"https:\/\/agromt.news\/index.php?rest_route=\/wp\/v2\/posts"}],"about":[{"href":"https:\/\/agromt.news\/index.php?rest_route=\/wp\/v2\/types\/post"}],"author":[{"embeddable":true,"href":"https:\/\/agromt.news\/index.php?rest_route=\/wp\/v2\/users\/1"}],"replies":[{"embeddable":true,"href":"https:\/\/agromt.news\/index.php?rest_route=%2Fwp%2Fv2%2Fcomments&post=6610"}],"version-history":[{"count":0,"href":"https:\/\/agromt.news\/index.php?rest_route=\/wp\/v2\/posts\/6610\/revisions"}],"wp:featuredmedia":[{"embeddable":true,"href":"https:\/\/agromt.news\/index.php?rest_route=\/wp\/v2\/media\/6611"}],"wp:attachment":[{"href":"https:\/\/agromt.news\/index.php?rest_route=%2Fwp%2Fv2%2Fmedia&parent=6610"}],"wp:term":[{"taxonomy":"category","embeddable":true,"href":"https:\/\/agromt.news\/index.php?rest_route=%2Fwp%2Fv2%2Fcategories&post=6610"},{"taxonomy":"post_tag","embeddable":true,"href":"https:\/\/agromt.news\/index.php?rest_route=%2Fwp%2Fv2%2Ftags&post=6610"}],"curies":[{"name":"wp","href":"https:\/\/api.w.org\/{rel}","templated":true}]}}