{"id":6608,"date":"2024-12-14T04:08:23","date_gmt":"2024-12-14T08:08:23","guid":{"rendered":"https:\/\/agromt.news\/?p=6608"},"modified":"2024-12-14T04:08:23","modified_gmt":"2024-12-14T08:08:23","slug":"faesp-quer-retratacao-do-carrefour-sobre-a-decisao-do-grupo-em-nao-comprar","status":"publish","type":"post","link":"https:\/\/agromt.news\/?p=6608","title":{"rendered":"Faesp quer retrata\u00e7\u00e3o do Carrefour sobre a decis\u00e3o do grupo em n\u00e3o comprar&#8230;"},"content":{"rendered":"<p> <br \/>\n<\/p>\n<p>Uma das principais marcas de varejo, por meio do CEO do Carrefour Fran\u00e7a, anunciou que suspender\u00e1 vendas de carne do Mercosul: decis\u00e3o gera cr\u00edticas e debate sobre sustentabilidade<\/p>\n<div>\n<p>O Carrefour Fran\u00e7a anunciou que suspender\u00e1 a venda de carne proveniente de pa\u00edses do Mercosul, incluindo o Brasil, alegando preocupa\u00e7\u00f5es com sustentabilidade, desmatamento e respeito aos padr\u00f5es ambientais europeus. A afirma\u00e7\u00e3o \u00e9 do CEO do Carrefour na Fran\u00e7a, Alexandre Bompard, nas redes sociais do empres\u00e1rio, mas destinada ao presidente do sindicato nacional dos agricultores franceses, Arnaud Rousseau.<\/p>\n<p>A decis\u00e3o gerou repercuss\u00e3o negativa no Brasil, especialmente no setor agropecu\u00e1rio, que considera a medida protecionista e prejudicial \u00e0 imagem da carne brasileira, amplamente exportada e reconhecida pela qualidade.<\/p>\n<p>Essa decis\u00e3o reflete tens\u00f5es maiores entre a Uni\u00e3o Europeia e o Mercosul, com debates sobre padr\u00f5es de produ\u00e7\u00e3o e sustentabilidade como pontos centrais. Para a Federa\u00e7\u00e3o de Agricultura e Pecu\u00e1ria do Estado de S\u00e3o Paulo (Faesp), essa decis\u00e3o \u00e9 prejudicial ao com\u00e9rcio entre Fran\u00e7a e Brasil, com impactos negativos tamb\u00e9m aos consumidores do Carrefour.<\/p>\n<p>Os argumentos da pauta ambiental alegada pelo Carrefour e pelos produtores de carne na Fran\u00e7a n\u00e3o se sustentam, uma vez que a produ\u00e7\u00e3o da pecu\u00e1ria brasileira est\u00e1 entre as mais sustent\u00e1veis do planeta. Esta posi\u00e7\u00e3o, vinda de uma importante marca de varejo, \u00e9 um ind\u00edcio de que os investimentos do grupo Carrefour no Brasil devem ser vistos com ressalva, segundo o presidente da Faesp, Tirso Meirelles.<\/p>\n<p>\u201cA declara\u00e7\u00e3o do CEO do Carrefour Fran\u00e7a, Alexandre Bompard, demonstra n\u00e3o apenas uma atitude protecionista dos produtores franceses, mas um total desconhecimento da sustentabilidade do setor pecu\u00e1rio brasileiro. A Faesp se solidariza com os produtores e espera que esse fato isolado seja recha\u00e7ado e n\u00e3o influencie as exporta\u00e7\u00f5es do pa\u00eds. Vale lembrar que a carne bovina \u00e9 um dos principais itens de comercializa\u00e7\u00e3o do Brasil\u201d, disse Tirso Meirelles.<\/p>\n<p>O coordenador da Comiss\u00e3o T\u00e9cnica de Bovinocultura de Corte da Faesp, Cyro Ferreira Penna Junior, refor\u00e7a esta tese. \u201cA carne brasileira \u00e9 a mais sustent\u00e1vel e competitiva do planeta, que atende aos padr\u00f5es mais elevados de qualidade e exig\u00eancias do consumidor final. Tais retalia\u00e7\u00f5es contra o nosso produto aparentam ser uma a\u00e7\u00e3o comercial orquestrada de produtores e empresas da Uni\u00e3o Europeia que n\u00e3o conseguem competir conosco no \u2018fair play\u2019\u201d, diz Cyro.<\/p>\n<p>Para o presidente da Faesp, cabe ao Carrefour reavaliar sua posi\u00e7\u00e3o e, eventualmente, se retratar publicamente, uma vez que esta decis\u00e3o, tomada unilateralmente e sem crit\u00e9rios t\u00e9cnicos, revela uma falta de compromisso do grupo com o Brasil, um importante mercado consumidor.<\/p>\n<p>V\u00e1rias outras institui\u00e7\u00f5es se posicionaram contra a decis\u00e3o do Carrefour, e o Minist\u00e9rio da Agricultura (Mapa). \u201cNo que diz respeito ao Brasil, o rigoroso sistema de Defesa Agropecu\u00e1ria do Mapa garante ao pa\u00eds o posto de maior exportador de carne bovina e de aves do mundo\u201d, diz o Mapa em comunicado. \u201cVale reiterar que o Brasil possui uma das legisla\u00e7\u00f5es ambientais mais rigorosas do mundo e atua com transpar\u00eancia no setor [\u2026] O Mapa n\u00e3o aceitar\u00e1 tentativas v\u00e3s de manchar ou desmerecer a reconhecida qualidade e seguran\u00e7a dos produtos brasileiros e dos compromissos ambientais brasileiros\u201d, continua a nota.<\/p>\n<\/p><\/div>\n<p><script async defer src=\"https:\/\/connect.facebook.net\/en_US\/sdk.js\" type=\"ae6bde5e4f6419dd5a487878-text\/javascript\"><\/script><script type=\"ae6bde5e4f6419dd5a487878-text\/javascript\">\n  !function(f,b,e,v,n,t,s)\n  {if(f.fbq)return;n=f.fbq=function(){n.callMethod?\n    n.callMethod.apply(n,arguments):n.queue.push(arguments)};\n    if(!f._fbq)f._fbq=n;n.push=n;n.loaded=!0;n.version='2.0';\n    n.queue=[];t=b.createElement(e);t.async=!0;\n    t.src=v;s=b.getElementsByTagName(e)[0];\n    s.parentNode.insertBefore(t,s)}(window, document,'script',\n    'https:\/\/connect.facebook.net\/en_US\/fbevents.js');\n  fbq('init', '153495679422335');\n  fbq('track', 'PageView');\n<\/script><br \/>\n<br \/><br \/>\n<br \/><a href=\"https:\/\/www.noticiasagricolas.com.br\/noticias\/agronegocio\/389162-faesp-quer-retratacao-do-carrefour-sobre-a-decisao-do-grupo-em-nao-comprar-carne-de-paises-do-mercosul.html\">Source link <\/a><\/p>\n","protected":false},"excerpt":{"rendered":"<p>Uma das principais marcas de varejo, por meio do CEO do Carrefour Fran\u00e7a, anunciou que suspender\u00e1 vendas de carne do<\/p>\n","protected":false},"author":1,"featured_media":6301,"comment_status":"open","ping_status":"open","sticky":false,"template":"","format":"standard","meta":{"_monsterinsights_skip_tracking":false,"_monsterinsights_sitenote_active":false,"_monsterinsights_sitenote_note":"","_monsterinsights_sitenote_category":0,"_uf_show_specific_survey":0,"_uf_disable_surveys":false,"footnotes":""},"categories":[8,1,14,16],"tags":[],"class_list":["post-6608","post","type-post","status-publish","format-standard","has-post-thumbnail","hentry","category-agro","category-news","category-politica-agro","category-safra"],"_links":{"self":[{"href":"https:\/\/agromt.news\/index.php?rest_route=\/wp\/v2\/posts\/6608"}],"collection":[{"href":"https:\/\/agromt.news\/index.php?rest_route=\/wp\/v2\/posts"}],"about":[{"href":"https:\/\/agromt.news\/index.php?rest_route=\/wp\/v2\/types\/post"}],"author":[{"embeddable":true,"href":"https:\/\/agromt.news\/index.php?rest_route=\/wp\/v2\/users\/1"}],"replies":[{"embeddable":true,"href":"https:\/\/agromt.news\/index.php?rest_route=%2Fwp%2Fv2%2Fcomments&post=6608"}],"version-history":[{"count":0,"href":"https:\/\/agromt.news\/index.php?rest_route=\/wp\/v2\/posts\/6608\/revisions"}],"wp:featuredmedia":[{"embeddable":true,"href":"https:\/\/agromt.news\/index.php?rest_route=\/wp\/v2\/media\/6301"}],"wp:attachment":[{"href":"https:\/\/agromt.news\/index.php?rest_route=%2Fwp%2Fv2%2Fmedia&parent=6608"}],"wp:term":[{"taxonomy":"category","embeddable":true,"href":"https:\/\/agromt.news\/index.php?rest_route=%2Fwp%2Fv2%2Fcategories&post=6608"},{"taxonomy":"post_tag","embeddable":true,"href":"https:\/\/agromt.news\/index.php?rest_route=%2Fwp%2Fv2%2Ftags&post=6608"}],"curies":[{"name":"wp","href":"https:\/\/api.w.org\/{rel}","templated":true}]}}