{"id":6604,"date":"2024-12-13T19:36:27","date_gmt":"2024-12-13T23:36:27","guid":{"rendered":"https:\/\/agromt.news\/?p=6604"},"modified":"2024-12-13T19:36:27","modified_gmt":"2024-12-13T23:36:27","slug":"mercado-de-carbono-deve-fomentar-a-preservacao-ambiental","status":"publish","type":"post","link":"https:\/\/agromt.news\/?p=6604","title":{"rendered":"Mercado de Carbono deve fomentar a preserva\u00e7\u00e3o ambiental"},"content":{"rendered":"<p> <br \/>\n<\/p>\n<div>\n<p style=\"text-align:justify\">A partir de agora, o Brasil conta oficialmente com uma regra que estabelece as bases para um mercado regulado de carbono no estilo cap and trade. A nova legisla\u00e7\u00e3o determina limites de emiss\u00f5es de gases de efeito estufa (cap) e permite que o excedente das permiss\u00f5es, a Cota Brasileira de Emiss\u00f5es (CBE), e dos cr\u00e9ditos, o Certificado de Redu\u00e7\u00e3o ou Remo\u00e7\u00e3o Verificada de Emiss\u00f5es (CRVE), sejam pass\u00edveis de negocia\u00e7\u00e3o (trade).&#13;\n<\/p>\n<p style=\"text-align:justify\">A CBE \u00e9 um ativo transacion\u00e1vel, representativo do direito de emiss\u00e3o de 1 tCO 2 e (uma tonelada de di\u00f3xido de carbono equivalente), outorgado pelo \u00f3rg\u00e3o gestor do SBCE, de forma gratuita ou onerosa, para as instala\u00e7\u00f5es ou as fontes reguladas.<\/p>\n<p style=\"text-align:justify\">Com a legisla\u00e7\u00e3o, nosso pa\u00eds entra para o grupo das na\u00e7\u00f5es que possuem um sistema regulado de precifica\u00e7\u00e3o de carbono, o que fortalece sua posi\u00e7\u00e3o no cen\u00e1rio global de combate \u00e0s mudan\u00e7as clim\u00e1ticas. A iniciativa deve atrair investimentos internacionais, fomentar a preserva\u00e7\u00e3o ambiental e gerar novas oportunidades de neg\u00f3cio e renda.<\/p>\n<p style=\"text-align:justify\">O mercado dom\u00e9stico de carbono passa ent\u00e3o a ser dividido em dois modelos: regulado e volunt\u00e1rio.<\/p>\n<p style=\"text-align:justify\">A produ\u00e7\u00e3o prim\u00e1ria agropecu\u00e1ria, bem como os bens, benfeitorias e a infraestrutura no interior da propriedade rural a ela diretamente associados ficaram de fora da regulamenta\u00e7\u00e3o, devido principalmente \u00e0 dificuldade em realizar medi\u00e7\u00f5es mais precisas, enquanto n\u00e3o houver metodologia para contabilizar as mitiga\u00e7\u00f5es. Tamb\u00e9m n\u00e3o ser\u00e3o consideradas emiss\u00f5es indiretas as decorrentes da produ\u00e7\u00e3o de insumos ou de mat\u00e9rias-primas agropecu\u00e1rias.&#13;\n<\/p>\n<p style=\"text-align:justify\">No entanto, o setor tem a oportunidade de gerar cr\u00e9ditos de carbono com base na manuten\u00e7\u00e3o dos excedentes de Reserva Legal (RL), contribuindo tanto com a conserva\u00e7\u00e3o da natureza e a sustentabilidade nos processos produtivos quanto no cumprimento das metas ambientais estabelecidas no pa\u00eds.<\/p>\n<p style=\"text-align:justify\">Para Natascha Trennepohl, integrante do comit\u00ea de Sustentabilidade da Associa\u00e7\u00e3o Brasileira do Agroneg\u00f3cio (ABAG) e s\u00f3cia do Trennepohl Advogados, h\u00e1 muitos desafios para os pr\u00f3ximos anos.<\/p>\n<p style=\"text-align:justify\">\u201cO SBCE ser\u00e1 implementado em fases; a primeira, da regulamenta\u00e7\u00e3o, deve levar de 12 a 24 meses. Visto que o texto foi sancionado sem vetos, os desafios para 2025 e 2026 est\u00e3o relacionados \u00e0 defini\u00e7\u00e3o de regras para o monitoramento, a estrutura\u00e7\u00e3o do registro, a defini\u00e7\u00e3o de metodologias e a delimita\u00e7\u00e3o do pr\u00f3prio escopo da lei com a defini\u00e7\u00e3o de quais os setores, os limites, as obriga\u00e7\u00f5es e at\u00e9 como ser\u00e1 a governan\u00e7a e a estrutura\u00e7\u00e3o do \u00f3rg\u00e3o gestor\u201d.&#13;\n<\/p>\n<\/p><\/div>\n<p><script data-cfasync=\"false\">\n    !function (f, b, e, v, n, t, s) {\n        if (f.fbq) return; n = f.fbq = function () {\n            n.callMethod ?\n                n.callMethod.apply(n, arguments) : n.queue.push(arguments)\n        };\n        if (!f._fbq) f._fbq = n; n.push = n; n.loaded = !0; n.version = '2.0';\n        n.queue = []; t = b.createElement(e); t.async = !0;\n        t.src = v; s = b.getElementsByTagName(e)[0];\n        s.parentNode.insertBefore(t, s)\n    }(window, document, 'script',\n        'https:\/\/connect.facebook.net\/en_US\/fbevents.js');\n    fbq('init', '522546078623747');\n    fbq('track', 'PageView');\n<\/script><br \/>\n<br \/><br \/>\n<br \/><a href=\"https:\/\/www.agrolink.com.br\/noticias\/mercado-de-carbono-deve-fomentar-a-preservacao-ambiental_497668.html\">Source link <\/a><\/p>\n","protected":false},"excerpt":{"rendered":"<p>A partir de agora, o Brasil conta oficialmente com uma regra que estabelece as bases para um mercado regulado de<\/p>\n","protected":false},"author":1,"featured_media":5646,"comment_status":"open","ping_status":"open","sticky":false,"template":"","format":"standard","meta":{"_monsterinsights_skip_tracking":false,"_monsterinsights_sitenote_active":false,"_monsterinsights_sitenote_note":"","_monsterinsights_sitenote_category":0,"_uf_show_specific_survey":0,"_uf_disable_surveys":false,"footnotes":""},"categories":[8,1,14],"tags":[],"class_list":["post-6604","post","type-post","status-publish","format-standard","has-post-thumbnail","hentry","category-agro","category-news","category-politica-agro"],"_links":{"self":[{"href":"https:\/\/agromt.news\/index.php?rest_route=\/wp\/v2\/posts\/6604"}],"collection":[{"href":"https:\/\/agromt.news\/index.php?rest_route=\/wp\/v2\/posts"}],"about":[{"href":"https:\/\/agromt.news\/index.php?rest_route=\/wp\/v2\/types\/post"}],"author":[{"embeddable":true,"href":"https:\/\/agromt.news\/index.php?rest_route=\/wp\/v2\/users\/1"}],"replies":[{"embeddable":true,"href":"https:\/\/agromt.news\/index.php?rest_route=%2Fwp%2Fv2%2Fcomments&post=6604"}],"version-history":[{"count":0,"href":"https:\/\/agromt.news\/index.php?rest_route=\/wp\/v2\/posts\/6604\/revisions"}],"wp:featuredmedia":[{"embeddable":true,"href":"https:\/\/agromt.news\/index.php?rest_route=\/wp\/v2\/media\/5646"}],"wp:attachment":[{"href":"https:\/\/agromt.news\/index.php?rest_route=%2Fwp%2Fv2%2Fmedia&parent=6604"}],"wp:term":[{"taxonomy":"category","embeddable":true,"href":"https:\/\/agromt.news\/index.php?rest_route=%2Fwp%2Fv2%2Fcategories&post=6604"},{"taxonomy":"post_tag","embeddable":true,"href":"https:\/\/agromt.news\/index.php?rest_route=%2Fwp%2Fv2%2Ftags&post=6604"}],"curies":[{"name":"wp","href":"https:\/\/api.w.org\/{rel}","templated":true}]}}