{"id":6602,"date":"2024-12-13T18:53:58","date_gmt":"2024-12-13T22:53:58","guid":{"rendered":"https:\/\/agromt.news\/?p=6602"},"modified":"2024-12-13T18:53:58","modified_gmt":"2024-12-13T22:53:58","slug":"youtube-deve-retirar-videos-desinformativos-sobre-saude-de-lula-determina-agu","status":"publish","type":"post","link":"https:\/\/agromt.news\/?p=6602","title":{"rendered":"YouTube deve retirar v\u00eddeos desinformativos sobre sa\u00fade de Lula, determina AGU"},"content":{"rendered":"<p> <br \/>\n<br \/><img decoding=\"async\" src=\"https:\/\/agromt.news\/wp-content\/uploads\/2024\/12\/YouTube-deve-retirar-videos-desinformativos-sobre-saude-de-Lula-determina.jpg\" \/><\/p>\n<div>\n<p>A Advocacia-Geral da Uni\u00e3o (AGU) enviou nesta sexta-feira (13) uma notifica\u00e7\u00e3o extrajudicial ao YouTube para a retirada de v\u00eddeos com informa\u00e7\u00f5es falsas sobre o estado de sa\u00fade do presidente Luiz In\u00e1cio Lula da Silva.<\/p>\n<p>Na solicita\u00e7\u00e3o, o \u00f3rg\u00e3o pede ao Google, empresa respons\u00e1vel pela plataforma, que as publica\u00e7\u00f5es sejam retiradas em at\u00e9 24 horas.<\/p>\n<p>\u201cAs narrativas identificadas apresentam desinforma\u00e7\u00e3o sobre o estado de sa\u00fade do presidente, inclusive sobre sua morte, gerando confus\u00e3o a respeito de um assunto de relev\u00e2ncia p\u00fablica, com potencial de atingir a confian\u00e7a nas institui\u00e7\u00f5es p\u00fablicas e, em particular, afetar a pr\u00f3pria estabilidade pol\u00edtica e econ\u00f4mica do pa\u00eds\u201d, afirma a AGU.<\/p>\n<\/div>\n<div>\n<p>Mais cedo, Lula divulgou um v\u00eddeo nas redes sociais (abaixo) em que aparece caminhando ao lado do neurocirurgi\u00e3o Marcos Stavale, no Hospital S\u00edrio-Liban\u00eas, em S\u00e3o Paulo.<\/p>\n<figure class=\"wp-block-embed is-type-rich is-provider-instagram wp-block-embed-instagram\">\n<p><iframe title=\"Instagram frame\" loading=\"lazy\" height=\"628\" class=\"instagram-embed-iframe\" src=\"https:\/\/www.canalrural.com.br\/politica\/youtube-deve-retirar-videos-desinformativos-sobre-saude-de-lula-determina-agu\/about:blank\" allowtransparency=\"true\" frameborder=\"0\" scrolling=\"no\" onload=\"(function(o){window.instagramIframe = window.instagramIframe || []; window.instagramIframe.push(o);})(this)\" style=\"border: 0px; margin: 0 auto; max-width: 658px; width: calc(100% - 2px); border-radius: 4px; box-shadow: rgba(0, 0, 0, 0.498039) 0px 0px 1px 0px, rgba(0, 0, 0, 0.14902) 0px 1px 10px 0px; display: block; padding: 0px; background: rgb(255, 255, 255);\" data-rocket-lazyload=\"fitvidscompatible\" data-lazy-src=\"https:\/\/www.instagram.com\/reel\/DDhrWieOJFN\/embed\/\"><\/iframe><noscript><iframe title=\"Instagram frame\" loading=\"lazy\" height=\"628\" class=\"instagram-embed-iframe\" src=\"https:\/\/www.instagram.com\/reel\/DDhrWieOJFN\/embed\/\" allowtransparency=\"true\" frameborder=\"0\" scrolling=\"no\" onload=\"(function(o){window.instagramIframe = window.instagramIframe || []; window.instagramIframe.push(o);})(this)\" style=\"border: 0px; margin: 0 auto; max-width: 658px; width: calc(100% - 2px); border-radius: 4px; box-shadow: rgba(0, 0, 0, 0.498039) 0px 0px 1px 0px, rgba(0, 0, 0, 0.14902) 0px 1px 10px 0px; display: block; padding: 0px; background: rgb(255, 255, 255);\"><\/iframe><\/noscript><\/p>\n<\/figure>\n<p>Na noite da \u00faltima segunda-feira (9), o presidente sentiu dores de cabe\u00e7a e, depois de exames feitos no S\u00edrio-Liban\u00eas em Bras\u00edlia, foi transferido para a unidade do hospital em S\u00e3o Paulo, onde foi submetido a uma cirurgia de emerg\u00eancia (chamada trepana\u00e7\u00e3o) para drenar o hematoma, na ter\u00e7a-feira (10).<\/p>\n<p>Na manh\u00e3 desta quinta-feira (12), <strong><a href=\"https:\/\/www.canalrural.com.br\/politica\/presidente-lula-passara-por-nova-cirurgia-na-cabeca\/\">ele tamb\u00e9m passou por um procedimento endovascular <\/a><\/strong>(emboliza\u00e7\u00e3o da art\u00e9ria men\u00edngea m\u00e9dia) para reduzir o risco de se formar novo hematoma, na regi\u00e3o entre o osso do cr\u00e2nio e o c\u00e9rebro.<\/p>\n<p>No dia 19 de outubro, Lula sofreu uma queda no banheiro da resid\u00eancia oficial, bateu com a cabe\u00e7a e precisou levar cinco pontos na regi\u00e3o da nuca. Desde ent\u00e3o, ele fez diversos exames de imagem que mostraram uma pequena hemorragia intracraniana, estava sendo monitorado, mas n\u00e3o havia passado por nenhuma interven\u00e7\u00e3o.<\/p>\n<\/p><\/div>\n<p><script async src=\"\/\/www.instagram.com\/embed.js\"><\/script><br \/>\n<br \/><br \/>\n<br \/><a href=\"https:\/\/www.canalrural.com.br\/politica\/youtube-deve-retirar-videos-desinformativos-sobre-saude-de-lula-determina-agu\/\">Source link <\/a><\/p>\n","protected":false},"excerpt":{"rendered":"<p>A Advocacia-Geral da Uni\u00e3o (AGU) enviou nesta sexta-feira (13) uma notifica\u00e7\u00e3o extrajudicial ao YouTube para a retirada de v\u00eddeos com<\/p>\n","protected":false},"author":1,"featured_media":6603,"comment_status":"open","ping_status":"open","sticky":false,"template":"","format":"standard","meta":{"_monsterinsights_skip_tracking":false,"_monsterinsights_sitenote_active":false,"_monsterinsights_sitenote_note":"","_monsterinsights_sitenote_category":0,"_uf_show_specific_survey":0,"_uf_disable_surveys":false,"footnotes":""},"categories":[1],"tags":[],"class_list":["post-6602","post","type-post","status-publish","format-standard","has-post-thumbnail","hentry","category-news"],"_links":{"self":[{"href":"https:\/\/agromt.news\/index.php?rest_route=\/wp\/v2\/posts\/6602"}],"collection":[{"href":"https:\/\/agromt.news\/index.php?rest_route=\/wp\/v2\/posts"}],"about":[{"href":"https:\/\/agromt.news\/index.php?rest_route=\/wp\/v2\/types\/post"}],"author":[{"embeddable":true,"href":"https:\/\/agromt.news\/index.php?rest_route=\/wp\/v2\/users\/1"}],"replies":[{"embeddable":true,"href":"https:\/\/agromt.news\/index.php?rest_route=%2Fwp%2Fv2%2Fcomments&post=6602"}],"version-history":[{"count":0,"href":"https:\/\/agromt.news\/index.php?rest_route=\/wp\/v2\/posts\/6602\/revisions"}],"wp:featuredmedia":[{"embeddable":true,"href":"https:\/\/agromt.news\/index.php?rest_route=\/wp\/v2\/media\/6603"}],"wp:attachment":[{"href":"https:\/\/agromt.news\/index.php?rest_route=%2Fwp%2Fv2%2Fmedia&parent=6602"}],"wp:term":[{"taxonomy":"category","embeddable":true,"href":"https:\/\/agromt.news\/index.php?rest_route=%2Fwp%2Fv2%2Fcategories&post=6602"},{"taxonomy":"post_tag","embeddable":true,"href":"https:\/\/agromt.news\/index.php?rest_route=%2Fwp%2Fv2%2Ftags&post=6602"}],"curies":[{"name":"wp","href":"https:\/\/api.w.org\/{rel}","templated":true}]}}