{"id":6600,"date":"2024-12-13T18:19:28","date_gmt":"2024-12-13T22:19:28","guid":{"rendered":"https:\/\/agromt.news\/?p=6600"},"modified":"2024-12-13T18:19:28","modified_gmt":"2024-12-13T22:19:28","slug":"escalas-de-abate-mais-folgadas-baixam-precos-do-boi-gordo-veja-cotacoes","status":"publish","type":"post","link":"https:\/\/agromt.news\/?p=6600","title":{"rendered":"Escalas de abate mais &#8216;folgadas&#8217; baixam pre\u00e7os do boi gordo; veja cota\u00e7\u00f5es"},"content":{"rendered":"<p> <br \/>\n<\/p>\n<div>\n<p>O mercado f\u00edsico do boi gordo registrou pre\u00e7os acomodados ao longo da sexta-feira (13). Segundo a consultoria Safras &amp; Mercado, a perspectiva ainda \u00e9 de queda para os indicadores no curto prazo, considerando a atual posi\u00e7\u00e3o das escalas de abate (entre nove e dez dias \u00fateis na m\u00e9dia nacional).<\/p>\n<p>As paralisa\u00e7\u00f5es de final de ano s\u00e3o uma vari\u00e1vel chave a ser considerada, com muitas ind\u00fastrias interrompendo o abate para realiza\u00e7\u00e3o de manuten\u00e7\u00e3o programada. <\/p>\n<p>\u201cA demanda dom\u00e9stica de <strong><a href=\"https:\/\/www.canalrural.com.br\/tag\/carne\/\">carne bovina<\/a><\/strong> segue preocupante, com a popula\u00e7\u00e3o brasileira ainda priorizando o consumo de prote\u00ednas de menor valor agregado, a exemplo da carne de frango\u201d, disse o analista Fernando Henrique Iglesias.<\/p>\n<h2 class=\"wp-block-heading\" id=\"h-precos-medios-do-boi-gordo\">Pre\u00e7os m\u00e9dios do boi gordo<\/h2>\n<ul class=\"wp-block-list\">\n<li><strong>S\u00e3o Paulo:<\/strong> R$ 315,50<\/li>\n<li><strong>Goi\u00e1s:<\/strong> R$ 302,50<\/li>\n<li><strong>Minas Gerais:<\/strong> R$ 312,94<\/li>\n<li><strong>Mato Grosso do Sul:<\/strong> R$ 319,32<\/li>\n<li><strong>Mato Grosso:<\/strong> R$ 297,09<\/li>\n<\/ul>\n<\/div>\n<div>\n<h2 class=\"wp-block-heading\" id=\"h-mercado-atacadista\">Mercado atacadista<\/h2>\n<figure class=\"wp-block-image size-full\"><img fetchpriority=\"high\" fetchpriority=\"high\" decoding=\"async\" width=\"1000\" height=\"750\" src=\"https:\/\/agromt.news\/wp-content\/uploads\/2024\/12\/Escalas-de-abate-mais-folgadas-baixam-precos-do-boi-gordo.jpg\" alt=\"frigor\u00edfico, pre\u00e7o da carne bovina\" class=\"wp-image-216932\"  \/><figcaption class=\"wp-element-caption\">Foto: Governo do Tocantins<\/figcaption><\/figure>\n<p>O mercado atacadista ainda se depara com pre\u00e7os firmes para a carne bovina. Conforme Iglesias, o cen\u00e1rio delimitado para a segunda quinzena pode indicar para uma queda nos pre\u00e7os, considerando que a programa\u00e7\u00e3o do varejo j\u00e1 est\u00e1 totalmente definida. <\/p>\n<p>\u201cSoma-se a isso a percep\u00e7\u00e3o de que o consumidor brasileiro vai priorizar prote\u00ednas de menor valor agregado, a exemplo da carne de frango, cortes su\u00ednos e do ovo\u201d, assinalou Iglesias.<\/p>\n<p>O quarto dianteiro permanece precificado a R$ 20,50 por quilo. O Quarto traseiro permanece precificado a R$ 27, por quilo. Ponta de agulha permanece no patamar de R$ 19,50, por quilo.<\/p>\n<h2 class=\"wp-block-heading\" id=\"h-cambio\">C\u00e2mbio<\/h2>\n<p>O d\u00f3lar comercial encerrou a sess\u00e3o em alta de 0,29%, sendo negociado a R$ 6,0286 para venda e a R$ 6,0266 para compra. Durante o dia, a moeda norte-americana oscilou entre a m\u00ednima de R$ 5,9726 e a m\u00e1xima de R$ 6,0761. Na semana, a moeda teve desvaloriza\u00e7\u00e3o de 0,78%.<\/p>\n<\/p><\/div>\n<p><br \/>\n<br \/><a href=\"https:\/\/www.canalrural.com.br\/pecuaria\/escalas-de-abate-mais-folgadas-baixam-precos-do-boi-gordo-veja-cotacoes\/\">Source link <\/a><\/p>\n","protected":false},"excerpt":{"rendered":"<p>O mercado f\u00edsico do boi gordo registrou pre\u00e7os acomodados ao longo da sexta-feira (13). Segundo a consultoria Safras &amp; Mercado,<\/p>\n","protected":false},"author":1,"featured_media":6601,"comment_status":"open","ping_status":"open","sticky":false,"template":"","format":"standard","meta":{"_monsterinsights_skip_tracking":false,"_monsterinsights_sitenote_active":false,"_monsterinsights_sitenote_note":"","_monsterinsights_sitenote_category":0,"_uf_show_specific_survey":0,"_uf_disable_surveys":false,"footnotes":""},"categories":[1],"tags":[],"class_list":["post-6600","post","type-post","status-publish","format-standard","has-post-thumbnail","hentry","category-news"],"_links":{"self":[{"href":"https:\/\/agromt.news\/index.php?rest_route=\/wp\/v2\/posts\/6600"}],"collection":[{"href":"https:\/\/agromt.news\/index.php?rest_route=\/wp\/v2\/posts"}],"about":[{"href":"https:\/\/agromt.news\/index.php?rest_route=\/wp\/v2\/types\/post"}],"author":[{"embeddable":true,"href":"https:\/\/agromt.news\/index.php?rest_route=\/wp\/v2\/users\/1"}],"replies":[{"embeddable":true,"href":"https:\/\/agromt.news\/index.php?rest_route=%2Fwp%2Fv2%2Fcomments&post=6600"}],"version-history":[{"count":0,"href":"https:\/\/agromt.news\/index.php?rest_route=\/wp\/v2\/posts\/6600\/revisions"}],"wp:featuredmedia":[{"embeddable":true,"href":"https:\/\/agromt.news\/index.php?rest_route=\/wp\/v2\/media\/6601"}],"wp:attachment":[{"href":"https:\/\/agromt.news\/index.php?rest_route=%2Fwp%2Fv2%2Fmedia&parent=6600"}],"wp:term":[{"taxonomy":"category","embeddable":true,"href":"https:\/\/agromt.news\/index.php?rest_route=%2Fwp%2Fv2%2Fcategories&post=6600"},{"taxonomy":"post_tag","embeddable":true,"href":"https:\/\/agromt.news\/index.php?rest_route=%2Fwp%2Fv2%2Ftags&post=6600"}],"curies":[{"name":"wp","href":"https:\/\/api.w.org\/{rel}","templated":true}]}}