{"id":6596,"date":"2024-12-13T17:23:28","date_gmt":"2024-12-13T21:23:28","guid":{"rendered":"https:\/\/agromt.news\/?p=6596"},"modified":"2024-12-13T17:23:28","modified_gmt":"2024-12-13T21:23:28","slug":"palestra-online-mostrara-atualizacoes-sobre-o-controle-de-brucelose-em-sao-paulo","status":"publish","type":"post","link":"https:\/\/agromt.news\/?p=6596","title":{"rendered":"Palestra online mostrar\u00e1 atualiza\u00e7\u00f5es sobre o controle de brucelose em S\u00e3o Paulo"},"content":{"rendered":"<p> <br \/>\n<br \/><img decoding=\"async\" src=\"https:\/\/agromt.news\/wp-content\/uploads\/2024\/12\/Palestra-online-mostrara-atualizacoes-sobre-o-controle-de-brucelose-em.jpg\" \/><\/p>\n<div>\n<p>A Federa\u00e7\u00e3o da Agricultura e Pecu\u00e1ria do Estado de S\u00e3o Paulo <strong><a href=\"https:\/\/www.canalrural.com.br\/tag\/faesp\/\">(Faesp)<\/a><\/strong> convida sindicatos rurais e pecuaristas a participarem do evento <strong><a href=\"https:\/\/www.defesa.agricultura.sp.gov.br\/www\/eventos\/inscricoes\/?action=formlarioInscricoes&amp;id_curso=274\">Atualiza\u00e7\u00f5es Sobre o Controle de Brucelose no Estado de S\u00e3o Paulo<\/a><\/strong>, que ocorrer\u00e1 de forma virtual, na pr\u00f3xima ter\u00e7a-feira (17), \u00e0s 18h.<\/p>\n<p>Al\u00e9m das regras de imuniza\u00e7\u00e3o do rebanho, a palestra tamb\u00e9m abordar\u00e1 a substitui\u00e7\u00e3o da marca a fogo pelos bottons de identifica\u00e7\u00e3o e o lan\u00e7amento do atestado de vacina\u00e7\u00e3o, no \u00e2mbito do Programa Estadual de Controle e Erradica\u00e7\u00e3o da Brucelose e Tuberculose (PECEBT) do territ\u00f3rio paulista.<\/p>\n<\/div>\n<div>\n<p>Os temas ser\u00e3o conduzidos pelo diretor do Departamento de Defesa Sanit\u00e1ria e Inspe\u00e7\u00e3o Animal, Affonso dos Santos Marcos.<\/p>\n<p>O evento \u00e9 resultado de parceria entre Faesp, Coordenadoria de Defesa Agropecu\u00e1ria (CDA) e Organiza\u00e7\u00e3o das Cooperativas do Estado de S\u00e3o Paulo (OCESP). <strong><a href=\"https:\/\/www.defesa.agricultura.sp.gov.br\/www\/eventos\/inscricoes\/?action=formlarioInscricoes&amp;id_curso=274\">Clique aqui para se inscrever.<\/a><\/strong><\/p>\n<\/p><\/div>\n<p><br \/>\n<br \/><a href=\"https:\/\/www.canalrural.com.br\/pecuaria\/palestra-online-mostrara-atualizacoes-sobre-o-controle-de-brucelose-em-sao-paulo\/\">Source link <\/a><\/p>\n","protected":false},"excerpt":{"rendered":"<p>A Federa\u00e7\u00e3o da Agricultura e Pecu\u00e1ria do Estado de S\u00e3o Paulo (Faesp) convida sindicatos rurais e pecuaristas a participarem do<\/p>\n","protected":false},"author":1,"featured_media":6597,"comment_status":"open","ping_status":"open","sticky":false,"template":"","format":"standard","meta":{"_monsterinsights_skip_tracking":false,"_monsterinsights_sitenote_active":false,"_monsterinsights_sitenote_note":"","_monsterinsights_sitenote_category":0,"_uf_show_specific_survey":0,"_uf_disable_surveys":false,"footnotes":""},"categories":[1],"tags":[],"class_list":["post-6596","post","type-post","status-publish","format-standard","has-post-thumbnail","hentry","category-news"],"_links":{"self":[{"href":"https:\/\/agromt.news\/index.php?rest_route=\/wp\/v2\/posts\/6596"}],"collection":[{"href":"https:\/\/agromt.news\/index.php?rest_route=\/wp\/v2\/posts"}],"about":[{"href":"https:\/\/agromt.news\/index.php?rest_route=\/wp\/v2\/types\/post"}],"author":[{"embeddable":true,"href":"https:\/\/agromt.news\/index.php?rest_route=\/wp\/v2\/users\/1"}],"replies":[{"embeddable":true,"href":"https:\/\/agromt.news\/index.php?rest_route=%2Fwp%2Fv2%2Fcomments&post=6596"}],"version-history":[{"count":0,"href":"https:\/\/agromt.news\/index.php?rest_route=\/wp\/v2\/posts\/6596\/revisions"}],"wp:featuredmedia":[{"embeddable":true,"href":"https:\/\/agromt.news\/index.php?rest_route=\/wp\/v2\/media\/6597"}],"wp:attachment":[{"href":"https:\/\/agromt.news\/index.php?rest_route=%2Fwp%2Fv2%2Fmedia&parent=6596"}],"wp:term":[{"taxonomy":"category","embeddable":true,"href":"https:\/\/agromt.news\/index.php?rest_route=%2Fwp%2Fv2%2Fcategories&post=6596"},{"taxonomy":"post_tag","embeddable":true,"href":"https:\/\/agromt.news\/index.php?rest_route=%2Fwp%2Fv2%2Ftags&post=6596"}],"curies":[{"name":"wp","href":"https:\/\/api.w.org\/{rel}","templated":true}]}}