{"id":6528,"date":"2024-12-12T13:22:30","date_gmt":"2024-12-12T17:22:30","guid":{"rendered":"https:\/\/agromt.news\/?p=6528"},"modified":"2024-12-12T13:22:30","modified_gmt":"2024-12-12T17:22:30","slug":"area-de-baixa-pressao-e-frente-fria-provocam-temporais-no-brasil","status":"publish","type":"post","link":"https:\/\/agromt.news\/?p=6528","title":{"rendered":"\u00e1rea de baixa press\u00e3o e frente fria provocam temporais no Brasil"},"content":{"rendered":"<p> <br \/>\n<br \/><img decoding=\"async\" src=\"https:\/\/agromt.news\/wp-content\/uploads\/2024\/12\/Muita-chuva-e-sensacao-de-frio-enquanto-frente-fria-avanca.jpg\" \/><\/p>\n<div>\n<p>Nesta sexta-feira (13), uma \u00e1rea de baixa press\u00e3o influenciar\u00e1 o tempo no <strong><a href=\"https:\/\/www.canalrural.com.br\/nacional\/rio-grande-do-sul\/\">Rio Grande do Sul <\/a><\/strong>e em Santa Catarina. Ap\u00f3s dias de chuva e temperaturas baixas em algumas regi\u00f5es, o sol volta a predominar em grande parte de S\u00e3o Paulo, Minas Gerais e Rio de Janeiro. <\/p>\n<p>A frente fria que passou pelo Sul do pa\u00eds ainda provoca reflexos em estados como a Bahia e o Maranh\u00e3o. Confira como ficar\u00e1 o clima em todas as regi\u00f5es do Brasil, de acordo com a Climatempo.<\/p>\n<h2 class=\"wp-block-heading\" id=\"h-sul\">Sul\u00a0<\/h2>\n<p>Um sistema de baixa press\u00e3o provoca temporais no Rio Grande do Sul e em Santa Catarina, com chuvas desde a madrugada. <\/p>\n<p>No Paran\u00e1, o tempo segue est\u00e1vel, exceto no oeste e sudoeste, onde h\u00e1 chances de chuvas isoladas.<\/p>\n<\/div>\n<div>\n<h2 class=\"wp-block-heading\" id=\"h-sudeste\">Sudeste\u00a0<\/h2>\n<p>As capitais S\u00e3o Paulo, Rio de Janeiro e Belo Horizonte ter\u00e3o tempo est\u00e1vel. No Esp\u00edrito Santo e Minas Gerais, a frente fria mant\u00e9m a previs\u00e3o de chuvas fortes e temporais pontuais.<\/p>\n<h2 class=\"wp-block-heading\" id=\"h-centro-oeste\">Centro-Oeste\u00a0<\/h2>\n<p>As chuvas s\u00e3o generalizadas em Mato Grosso do Sul, enquanto em Goi\u00e1s e Mato Grosso s\u00e3o mais isoladas, com possibilidade de raios e trovoadas.<\/p>\n<h2 class=\"wp-block-heading\" id=\"h-nordeste\">Nordeste\u00a0<\/h2>\n<p>O avan\u00e7o da frente fria provoca chuvas no interior e litoral da Bahia, assim como no sul do Maranh\u00e3o e do Piau\u00ed.<\/p>\n<h2 class=\"wp-block-heading\" id=\"h-norte\">Norte\u00a0<\/h2>\n<p>O calor e a umidade geram pancadas de chuva no Acre, Amazonas, sul de Roraima e oeste do Par\u00e1, mantendo o tempo abafado e quente.<\/p>\n<\/p><\/div>\n<p><br \/>\n<br \/><a href=\"https:\/\/www.canalrural.com.br\/tempo\/sexta-feira-13-area-de-baixa-pressao-e-frente-fria-provocam-temporais-no-brasil\/\">Source link <\/a><\/p>\n","protected":false},"excerpt":{"rendered":"<p>Nesta sexta-feira (13), uma \u00e1rea de baixa press\u00e3o influenciar\u00e1 o tempo no Rio Grande do Sul e em Santa Catarina.<\/p>\n","protected":false},"author":1,"featured_media":6247,"comment_status":"open","ping_status":"open","sticky":false,"template":"","format":"standard","meta":{"_monsterinsights_skip_tracking":false,"_monsterinsights_sitenote_active":false,"_monsterinsights_sitenote_note":"","_monsterinsights_sitenote_category":0,"_uf_show_specific_survey":0,"_uf_disable_surveys":false,"footnotes":""},"categories":[1],"tags":[],"class_list":["post-6528","post","type-post","status-publish","format-standard","has-post-thumbnail","hentry","category-news"],"_links":{"self":[{"href":"https:\/\/agromt.news\/index.php?rest_route=\/wp\/v2\/posts\/6528"}],"collection":[{"href":"https:\/\/agromt.news\/index.php?rest_route=\/wp\/v2\/posts"}],"about":[{"href":"https:\/\/agromt.news\/index.php?rest_route=\/wp\/v2\/types\/post"}],"author":[{"embeddable":true,"href":"https:\/\/agromt.news\/index.php?rest_route=\/wp\/v2\/users\/1"}],"replies":[{"embeddable":true,"href":"https:\/\/agromt.news\/index.php?rest_route=%2Fwp%2Fv2%2Fcomments&post=6528"}],"version-history":[{"count":0,"href":"https:\/\/agromt.news\/index.php?rest_route=\/wp\/v2\/posts\/6528\/revisions"}],"wp:featuredmedia":[{"embeddable":true,"href":"https:\/\/agromt.news\/index.php?rest_route=\/wp\/v2\/media\/6247"}],"wp:attachment":[{"href":"https:\/\/agromt.news\/index.php?rest_route=%2Fwp%2Fv2%2Fmedia&parent=6528"}],"wp:term":[{"taxonomy":"category","embeddable":true,"href":"https:\/\/agromt.news\/index.php?rest_route=%2Fwp%2Fv2%2Fcategories&post=6528"},{"taxonomy":"post_tag","embeddable":true,"href":"https:\/\/agromt.news\/index.php?rest_route=%2Fwp%2Fv2%2Ftags&post=6528"}],"curies":[{"name":"wp","href":"https:\/\/api.w.org\/{rel}","templated":true}]}}