{"id":6514,"date":"2024-12-12T09:00:55","date_gmt":"2024-12-12T13:00:55","guid":{"rendered":"https:\/\/agromt.news\/?p=6514"},"modified":"2024-12-12T09:00:55","modified_gmt":"2024-12-12T13:00:55","slug":"apos-nova-cirurgia-lula-esta-acordado-e-conversando-afirma-equipe-medica","status":"publish","type":"post","link":"https:\/\/agromt.news\/?p=6514","title":{"rendered":"Ap\u00f3s nova cirurgia, Lula est\u00e1 acordado e conversando, afirma equipe m\u00e9dica"},"content":{"rendered":"<p> <br \/>\n<br \/><img decoding=\"async\" src=\"https:\/\/agromt.news\/wp-content\/uploads\/2024\/11\/Quero-que-o-agro-brasileiro-continue-causando-raiva-em-deputado.jpg\" \/><\/p>\n<div>\n<p>O m\u00e9dico Roberto Kalil afirmou que a cirurgia de emboliza\u00e7\u00e3o da art\u00e9ria men\u00edngea m\u00e9dia, realizada na manh\u00e3 desta quinta-feira (12) no presidente Luiz In\u00e1cio Lula da Silva (PT) para prevenir um novo sangramento na cabe\u00e7a, foi bem-sucedida.<\/p>\n<blockquote class=\"wp-block-quote is-layout-flow wp-block-quote-is-layout-flow\">\n<p>\u201cA gente conseguiu embolizar aquela art\u00e9ria. O presidente est\u00e1 acordado e conversando\u201d, afirmou o m\u00e9dico Roberto Kalil ap\u00f3s o cirurgia, que teve in\u00edcio por volta das 7h10 e durou menos de uma hora. <\/p>\n<\/blockquote>\n<h2 class=\"wp-block-heading\" id=\"h-queda-no-banheiro\">Queda no banheiro<\/h2>\n<p><strong><a href=\"https:\/\/www.canalrural.com.br\/tag\/lula\/\">Lula<\/a><\/strong> tem 79 anos e fez uma cirurgia de emerg\u00eancia na madrugada de ter\u00e7a-feira (10) para drenar um hematoma na cabe\u00e7a em decorr\u00eancia da queda que sofreu no banheiro de casa em outubro.<\/p>\n<\/div>\n<div>\n<p>O objetivo deste \u00faltimo procedimento \u2013 realizado no Hospital S\u00edrio-Liban\u00eas, em S\u00e3o Paulo \u2013 \u00e9 evitar um poss\u00edvel novo sangramento. Segundo os m\u00e9dicos, ele n\u00e3o ficar\u00e1 com nenhuma sequela.<\/p>\n<p>Com o presidente internado, o vice-presidente <strong><a href=\"https:\/\/www.canalrural.com.br\/tag\/geraldoalckmin\/\">Geraldo Alckmin<\/a><\/strong> comanda nesta quinta-feira (11) a reuni\u00e3o do Conselho de Desenvolvimento Econ\u00f4mico e Social Sustent\u00e1vel.<\/p>\n<\/p><\/div>\n<p><br \/>\n<br \/><a href=\"https:\/\/www.canalrural.com.br\/diversos\/apos-nova-cirurgia-lula-esta-acordado-e-conversando-afirma-equipe-medica\/\">Source link <\/a><\/p>\n","protected":false},"excerpt":{"rendered":"<p>O m\u00e9dico Roberto Kalil afirmou que a cirurgia de emboliza\u00e7\u00e3o da art\u00e9ria men\u00edngea m\u00e9dia, realizada na manh\u00e3 desta quinta-feira (12)<\/p>\n","protected":false},"author":1,"featured_media":5669,"comment_status":"open","ping_status":"open","sticky":false,"template":"","format":"standard","meta":{"_monsterinsights_skip_tracking":false,"_monsterinsights_sitenote_active":false,"_monsterinsights_sitenote_note":"","_monsterinsights_sitenote_category":0,"_uf_show_specific_survey":0,"_uf_disable_surveys":false,"footnotes":""},"categories":[1],"tags":[],"class_list":["post-6514","post","type-post","status-publish","format-standard","has-post-thumbnail","hentry","category-news"],"_links":{"self":[{"href":"https:\/\/agromt.news\/index.php?rest_route=\/wp\/v2\/posts\/6514"}],"collection":[{"href":"https:\/\/agromt.news\/index.php?rest_route=\/wp\/v2\/posts"}],"about":[{"href":"https:\/\/agromt.news\/index.php?rest_route=\/wp\/v2\/types\/post"}],"author":[{"embeddable":true,"href":"https:\/\/agromt.news\/index.php?rest_route=\/wp\/v2\/users\/1"}],"replies":[{"embeddable":true,"href":"https:\/\/agromt.news\/index.php?rest_route=%2Fwp%2Fv2%2Fcomments&post=6514"}],"version-history":[{"count":0,"href":"https:\/\/agromt.news\/index.php?rest_route=\/wp\/v2\/posts\/6514\/revisions"}],"wp:featuredmedia":[{"embeddable":true,"href":"https:\/\/agromt.news\/index.php?rest_route=\/wp\/v2\/media\/5669"}],"wp:attachment":[{"href":"https:\/\/agromt.news\/index.php?rest_route=%2Fwp%2Fv2%2Fmedia&parent=6514"}],"wp:term":[{"taxonomy":"category","embeddable":true,"href":"https:\/\/agromt.news\/index.php?rest_route=%2Fwp%2Fv2%2Fcategories&post=6514"},{"taxonomy":"post_tag","embeddable":true,"href":"https:\/\/agromt.news\/index.php?rest_route=%2Fwp%2Fv2%2Ftags&post=6514"}],"curies":[{"name":"wp","href":"https:\/\/api.w.org\/{rel}","templated":true}]}}