{"id":6418,"date":"2024-12-10T20:33:41","date_gmt":"2024-12-11T00:33:41","guid":{"rendered":"https:\/\/agromt.news\/?p=6418"},"modified":"2024-12-10T20:33:41","modified_gmt":"2024-12-11T00:33:41","slug":"atraso-no-plantio-da-safra-prejudica-exportacoes-de-soja-de-mato-grosso","status":"publish","type":"post","link":"https:\/\/agromt.news\/?p=6418","title":{"rendered":"Atraso no plantio da safra prejudica exporta\u00e7\u00f5es de soja de Mato Grosso"},"content":{"rendered":"<p> <br \/>\n<\/p>\n<div>\n<div class=\"row\">\n<div class=\"col-lg col-infos mt-3 mt-lg-0\">\n<div class=\"section-sub-title\">\n<p itemprop=\"description\">&#13;<br \/>\n                                Exporta\u00e7\u00f5es registram queda de 82% em novembro&#13;\n                            <\/p>\n<\/p><\/div>\n<div class=\"container\">\n<div class=\"row\">\n<div class=\"col-lg p-0\">\n<div>\n<div class=\"block-news-main-infos mt-3 text-start\">\n<p>                                            <strong class=\"fn\" itemprop=\"author\" style=\"color: rgb(112, 112, 112); \">&#13;<br \/>\n                                                <a href=\"https:\/\/www.agrolink.com.br\/noticias\/javascript:;\" class=\"text-uppercase\" target=\"_blank\" style=\"color: rgb(112, 112, 112); \" rel=\"noopener\">Agrolink<\/a>&#13;<br \/>\n&#13;<br \/>\n                                                    &#8211; Aline Merladete&#13;<br \/>\n&#13;<br \/>\n                                            <\/strong><br \/>\n                                        <\/p>\n<p>                                            <abbr><time datetime=\"2024-12-10T11:22\" itemprop=\"datePublished dateModified\">Publicado em 10\/12\/2024 \u00e0s 11:22h.<\/time><\/abbr><br \/>\n                                            <\/p><\/div>\n<\/p><\/div>\n<\/p><\/div>\n<div class=\"col-lg p-0 text-lg-end\">\n<div>\n<div id=\"mdEnviarPagina\" class=\"modal fade\" role=\"dialog\">\n<div class=\"modal-dialog\">\n<div class=\"modal-content\">\n<div class=\"modal-body\">\n<p><strong>Estimado usu\u00e1rio.<\/strong><br \/>Preencha o formul\u00e1rio abaixo para remeter a p\u00e1gina.<\/p>\n<\/p><\/div>\n<\/p><\/div>\n<\/p><\/div>\n<\/div><\/div>\n<\/p><\/div>\n<\/p><\/div>\n<\/p><\/div>\n<\/p><\/div>\n<\/p><\/div>\n<div class=\"row justify-content-md-center mt-3\">\n<div class=\"col-lg-auto col-image  block-news-main-image d-none d-md-block\">\n<p>                            <img decoding=\"async\" src=\"https:\/\/www.agrolink.com.br\/upload\/imagens-resizes\/aa8bd3a7b478490dbc0e8a0f7a1e1427_858x483.jpg\" class=\"lazyload \"\/><br \/>\n                                            <span class=\"publicity-photo d-block mt-1\">Foto: Leonardo Gottems<\/span><\/p><\/div>\n<\/p><\/div>\n<div class=\"section-description section-description-noticias mt-3\">\n<p style=\"text-align:justify\">As exporta\u00e7\u00f5es brasileiras de <a href=\"https:\/\/www.agrolink.com.br\/culturas\/soja?utm_source=agrolink-detalhe-noticia&amp;utm_medium=detalhe-noticia&amp;utm_campaign=links-internos\" target=\"_blank\" rel=\"noopener\">soja<\/a> registraram forte retra\u00e7\u00e3o em novembro de 2024, totalizando 2,55 milh\u00f5es de toneladas (mi de t), uma queda de expressivos 50,87% em compara\u00e7\u00e3o ao mesmo m\u00eas de 2023, conforme dados divulgados pela Secex. Segundo o Instituto Mato-grossense de Economia Agropecu\u00e1ria (Imea), Mato Grosso foi um dos estados mais impactados pela redu\u00e7\u00e3o, com exporta\u00e7\u00f5es somando apenas 95,25 mil toneladas (t), retra\u00e7\u00e3o de 82% frente a novembro do ano passado.&#13;\n<\/p>\n<p style=\"text-align:justify\">A menor oferta de soja no estado resultou em um cen\u00e1rio in\u00e9dito: a participa\u00e7\u00e3o de Mato Grosso nas exporta\u00e7\u00f5es nacionais foi de apenas 3,73% em novembro, o menor \u00edndice j\u00e1 registrado na s\u00e9rie hist\u00f3rica para o m\u00eas. No acumulado do ano (janeiro a novembro de 2024), o estado exportou 24,64 mi de t, uma redu\u00e7\u00e3o de 11,79% em rela\u00e7\u00e3o ao mesmo per\u00edodo de 2023.<\/p>\n<p style=\"text-align:justify\">Al\u00e9m da oferta limitada, o atraso no plantio da safra 2024\/25 agrava as expectativas para os pr\u00f3ximos meses. O Imea projeta que o volume exportado em dezembro de 2024 ser\u00e1 ainda menor, com reflexos negativos previstos para os embarques de janeiro de 2025, que devem ficar abaixo dos n\u00edveis registrados no in\u00edcio deste ano.&#13;\n<\/p>\n<p style=\"text-align:justify\">O desempenho das exporta\u00e7\u00f5es de Mato Grosso tem gerado apreens\u00e3o no mercado, considerando que o estado \u00e9 tradicionalmente respons\u00e1vel por uma parcela importante dos embarques nacionais. A redu\u00e7\u00e3o na oferta local impacta diretamente a competitividade e os fluxos comerciais do Brasil, principal exportador mundial de soja.<\/p>\n<p style=\"text-align:justify\">\u00a0<\/p>\n<\/p><\/div>\n<\/p><\/div>\n<p><script data-cfasync=\"false\">\n    !function (f, b, e, v, n, t, s) {\n        if (f.fbq) return; n = f.fbq = function () {\n            n.callMethod ?\n                n.callMethod.apply(n, arguments) : n.queue.push(arguments)\n        };\n        if (!f._fbq) f._fbq = n; n.push = n; n.loaded = !0; n.version = '2.0';\n        n.queue = []; t = b.createElement(e); t.async = !0;\n        t.src = v; s = b.getElementsByTagName(e)[0];\n        s.parentNode.insertBefore(t, s)\n    }(window, document, 'script',\n        'https:\/\/connect.facebook.net\/en_US\/fbevents.js');\n    fbq('init', '522546078623747');\n    fbq('track', 'PageView');\n<\/script><br \/>\n<br \/><br \/>\n<br \/><a href=\"https:\/\/www.agrolink.com.br\/noticias\/atraso-no-plantio-da-safra-prejudica-exportacoes-de-soja-de-mato-grosso_497542.html\">Source link <\/a><\/p>\n","protected":false},"excerpt":{"rendered":"<p>&#13; Exporta\u00e7\u00f5es registram queda de 82% em novembro&#13; &#13; Agrolink&#13; &#13; &#8211; Aline Merladete&#13; &#13; Publicado em 10\/12\/2024 \u00e0s 11:22h.<\/p>\n","protected":false},"author":1,"featured_media":1507,"comment_status":"open","ping_status":"open","sticky":false,"template":"","format":"standard","meta":{"_monsterinsights_skip_tracking":false,"_monsterinsights_sitenote_active":false,"_monsterinsights_sitenote_note":"","_monsterinsights_sitenote_category":0,"_uf_show_specific_survey":0,"_uf_disable_surveys":false,"footnotes":""},"categories":[8,1,14],"tags":[],"class_list":["post-6418","post","type-post","status-publish","format-standard","has-post-thumbnail","hentry","category-agro","category-news","category-politica-agro"],"_links":{"self":[{"href":"https:\/\/agromt.news\/index.php?rest_route=\/wp\/v2\/posts\/6418"}],"collection":[{"href":"https:\/\/agromt.news\/index.php?rest_route=\/wp\/v2\/posts"}],"about":[{"href":"https:\/\/agromt.news\/index.php?rest_route=\/wp\/v2\/types\/post"}],"author":[{"embeddable":true,"href":"https:\/\/agromt.news\/index.php?rest_route=\/wp\/v2\/users\/1"}],"replies":[{"embeddable":true,"href":"https:\/\/agromt.news\/index.php?rest_route=%2Fwp%2Fv2%2Fcomments&post=6418"}],"version-history":[{"count":0,"href":"https:\/\/agromt.news\/index.php?rest_route=\/wp\/v2\/posts\/6418\/revisions"}],"wp:featuredmedia":[{"embeddable":true,"href":"https:\/\/agromt.news\/index.php?rest_route=\/wp\/v2\/media\/1507"}],"wp:attachment":[{"href":"https:\/\/agromt.news\/index.php?rest_route=%2Fwp%2Fv2%2Fmedia&parent=6418"}],"wp:term":[{"taxonomy":"category","embeddable":true,"href":"https:\/\/agromt.news\/index.php?rest_route=%2Fwp%2Fv2%2Fcategories&post=6418"},{"taxonomy":"post_tag","embeddable":true,"href":"https:\/\/agromt.news\/index.php?rest_route=%2Fwp%2Fv2%2Ftags&post=6418"}],"curies":[{"name":"wp","href":"https:\/\/api.w.org\/{rel}","templated":true}]}}