{"id":6414,"date":"2024-12-10T19:37:45","date_gmt":"2024-12-10T23:37:45","guid":{"rendered":"https:\/\/agromt.news\/?p=6414"},"modified":"2024-12-10T19:37:45","modified_gmt":"2024-12-10T23:37:45","slug":"chuvas-beneficiam-plantio-da-soja-em-mt","status":"publish","type":"post","link":"https:\/\/agromt.news\/?p=6414","title":{"rendered":"Chuvas beneficiam plantio da soja em MT"},"content":{"rendered":"<p> <br \/>\n<br \/><img decoding=\"async\" src=\"https:\/\/agromt.news\/wp-content\/uploads\/2024\/12\/Chuvas-beneficiam-plantio-da-soja-em-MT.png\" \/><\/p>\n<div>\n<p>A terceira temporada da s\u00e9rie <a href=\"https:\/\/aprosoja.com.br\/%5D\">Aprosoja Clima e Mercado<\/a>, ap\u00f3s percorrer mais de 4.000 km em <a href=\"https:\/\/www.canalrural.com.br\/agricultura\/projeto-soja-brasil\/quais-sao-os-desafios-climaticos-enfrentados-pelos-produtores-de-soja-em-mato-grosso\/\">Mato Grosso<\/a>, chega \u00e0 terceira semana com destaque para a situa\u00e7\u00e3o das lavouras no estado. O d\u00e9cimo epis\u00f3dio tem in\u00edcio em \u00c1gua Boa, na fazenda do produtor de soja C\u00e9sar Giacomolli.<\/p>\n<p>Ele relata que as chuvas come\u00e7aram mais cedo e com maior intensidade este ano, com registros de at\u00e9 100 mm nas primeiras precipita\u00e7\u00f5es. Apesar das chuvas fortes, o plantio na fazenda seguiu o cronograma, iniciando em 15 de outubro e terminando em 5 de novembro, em apenas 20 dias, um cen\u00e1rio bem diferente do ano passado, quando o plantio se estendeu por 60 dias devido \u00e0 seca. <\/p>\n<p>Na regi\u00e3o de \u00c1gua Boa, as chuvas deste ano foram mais bem distribu\u00eddas, o que beneficiou os produtores locais, incluindo C\u00e9sar. No entanto, em outras \u00e1reas, como o setor do Jaragu\u00e1, o excesso de chuvas dificultou o plantio, com problemas de atoleiros e atolamento de m\u00e1quinas. Isso pode afetar a safra, especialmente a segunda safra de milho, que deve registrar uma perda de 20 a 30% em compara\u00e7\u00e3o com os anos anteriores.<\/p>\n<\/div>\n<div>\n<p>Em rela\u00e7\u00e3o ao ano passado, as chuvas deste ano t\u00eam sido mais generosas. Enquanto a safra anterior acumulou cerca de 1.000 mm, j\u00e1 se registraram 800 mm em algumas fazendas, com at\u00e9 1.200 mm em outras. A expectativa \u00e9 que as chuvas continuem, beneficiando a soja e a safrinha. Leste de Mato Grosso \u00e9 privilegiada por op\u00e7\u00f5es de culturas para a segunda safra, como milho, sorgo e gergelim. C\u00e9sar planeja cultivar sorgo, que voltou a ser uma boa op\u00e7\u00e3o.<\/p>\n<p>Uma preocupa\u00e7\u00e3o para os produtores \u00e9 a colheita, que ser\u00e1 concentrada em um curto per\u00edodo devido ao plantio acelerado. A falta de infraestrutura de armazenamento na regi\u00e3o pode gerar dificuldades, especialmente com a umidade dos gr\u00e3os. O uso de m\u00e1quinas grandes na colheita tamb\u00e9m traz desafios log\u00edsticos.<\/p>\n<p>A s\u00e9rie segue acompanhando a evolu\u00e7\u00e3o das lavouras e o impacto do clima na produ\u00e7\u00e3o de soja e outras culturas em Mato Grosso. Para mais informa\u00e7\u00f5es, basta seguir a Aprosoja nas redes sociais e assistir aos epis\u00f3dios no YouTube.<\/p>\n<p>Confira:<\/p>\n<figure class=\"wp-block-embed is-type-video is-provider-youtube wp-block-embed-youtube wp-embed-aspect-16-9 wp-has-aspect-ratio\">\n<p>\n<iframe title=\"Epis\u00f3dio 10- MT Clima e Mercado\" width=\"800\" height=\"450\" src=\"https:\/\/www.youtube.com\/embed\/fPoxcsPQ3ZU?feature=oembed\" frameborder=\"0\" allow=\"accelerometer; autoplay; clipboard-write; encrypted-media; gyroscope; picture-in-picture; web-share\" referrerpolicy=\"strict-origin-when-cross-origin\" allowfullscreen><\/iframe><noscript><iframe title=\"Epis\u00f3dio 10- MT Clima e Mercado\" width=\"800\" height=\"450\" src=\"https:\/\/www.youtube.com\/embed\/fPoxcsPQ3ZU?feature=oembed\" frameborder=\"0\" allow=\"accelerometer; autoplay; clipboard-write; encrypted-media; gyroscope; picture-in-picture; web-share\" referrerpolicy=\"strict-origin-when-cross-origin\" allowfullscreen><\/iframe><\/noscript>\n<\/p>\n<\/figure><\/div>\n<p><br \/>\n<br \/><a href=\"https:\/\/www.canalrural.com.br\/agricultura\/projeto-soja-brasil\/chuvas-beneficiam-plantio-da-soja-em-mt\/\">Source link <\/a><\/p>\n","protected":false},"excerpt":{"rendered":"<p>A terceira temporada da s\u00e9rie Aprosoja Clima e Mercado, ap\u00f3s percorrer mais de 4.000 km em Mato Grosso, chega \u00e0<\/p>\n","protected":false},"author":1,"featured_media":6415,"comment_status":"open","ping_status":"open","sticky":false,"template":"","format":"standard","meta":{"_monsterinsights_skip_tracking":false,"_monsterinsights_sitenote_active":false,"_monsterinsights_sitenote_note":"","_monsterinsights_sitenote_category":0,"_uf_show_specific_survey":0,"_uf_disable_surveys":false,"footnotes":""},"categories":[1],"tags":[],"class_list":["post-6414","post","type-post","status-publish","format-standard","has-post-thumbnail","hentry","category-news"],"_links":{"self":[{"href":"https:\/\/agromt.news\/index.php?rest_route=\/wp\/v2\/posts\/6414"}],"collection":[{"href":"https:\/\/agromt.news\/index.php?rest_route=\/wp\/v2\/posts"}],"about":[{"href":"https:\/\/agromt.news\/index.php?rest_route=\/wp\/v2\/types\/post"}],"author":[{"embeddable":true,"href":"https:\/\/agromt.news\/index.php?rest_route=\/wp\/v2\/users\/1"}],"replies":[{"embeddable":true,"href":"https:\/\/agromt.news\/index.php?rest_route=%2Fwp%2Fv2%2Fcomments&post=6414"}],"version-history":[{"count":0,"href":"https:\/\/agromt.news\/index.php?rest_route=\/wp\/v2\/posts\/6414\/revisions"}],"wp:featuredmedia":[{"embeddable":true,"href":"https:\/\/agromt.news\/index.php?rest_route=\/wp\/v2\/media\/6415"}],"wp:attachment":[{"href":"https:\/\/agromt.news\/index.php?rest_route=%2Fwp%2Fv2%2Fmedia&parent=6414"}],"wp:term":[{"taxonomy":"category","embeddable":true,"href":"https:\/\/agromt.news\/index.php?rest_route=%2Fwp%2Fv2%2Fcategories&post=6414"},{"taxonomy":"post_tag","embeddable":true,"href":"https:\/\/agromt.news\/index.php?rest_route=%2Fwp%2Fv2%2Ftags&post=6414"}],"curies":[{"name":"wp","href":"https:\/\/api.w.org\/{rel}","templated":true}]}}