{"id":6408,"date":"2024-12-10T18:24:49","date_gmt":"2024-12-10T22:24:49","guid":{"rendered":"https:\/\/agromt.news\/?p=6408"},"modified":"2024-12-10T18:24:49","modified_gmt":"2024-12-10T22:24:49","slug":"projeto-de-lei-pode-limitar-recursos-do-proagro-e-preocupa-produtores-rurais","status":"publish","type":"post","link":"https:\/\/agromt.news\/?p=6408","title":{"rendered":"Projeto de lei pode limitar recursos do Proagro e preocupa produtores rurais"},"content":{"rendered":"<p> <br \/>\n<br \/><img decoding=\"async\" src=\"https:\/\/agromt.news\/wp-content\/uploads\/2024\/12\/Projeto-de-lei-pode-limitar-recursos-do-Proagro-e-preocupa.jpg\" \/><\/p>\n<div>\n<p>O projeto de lei (PL 4614\/2024) que est\u00e1 tramitando no Congresso Nacional prop\u00f5e mudan\u00e7as na legisla\u00e7\u00e3o que regula a pol\u00edtica agr\u00edcola no Brasil, incluindo um teto or\u00e7ament\u00e1rio para o Programa de Garantia da Atividade Agropecu\u00e1ria (Proagro). Destinado a pequenos e m\u00e9dios produtores, o Proagro funciona como um seguro rural, cobrindo perdas causadas por fen\u00f4menos clim\u00e1ticos. Entretanto, h\u00e1 receio de que o or\u00e7amento previsto no projeto \u2014 de R$ 5,8 bilh\u00f5es anuais \u2014 seja insuficiente para atender \u00e0 demanda.<\/p>\n<p>Os desafios clim\u00e1ticos dos \u00faltimos anos, como a seca e as enchentes que devastaram o<strong><a href=\"https:\/\/www.canalrural.com.br\/nacional\/rio-grande-do-sul\/\"> Rio Grande do Sul<\/a><\/strong>, exemplificam a import\u00e2ncia do programa. Entidades do setor apontam que a recupera\u00e7\u00e3o de \u00e1reas afetadas por enchentes \u00e9 onerosa. Para se ter uma ideia, apenas esse ano, as chuvas causaram um preju\u00edzo de R$ 87 bilh\u00f5es ao agro ga\u00facho.<\/p>\n<h2 class=\"wp-block-heading\" id=\"h-vitimas-das-chuvas\">V\u00edtimas das chuvas<\/h2>\n<p>Em Roca Sales, no Vale do Taquari, o produtor rural Louren\u00e7o Caneppelle perdeu estrutura, m\u00e1quinas, animais e lavouras em tr\u00eas enchentes consecutivas. \u201cO cr\u00e9dito foi conseguido, mas agora a conta est\u00e1 vindo para pagar. S\u00e3o tr\u00eas renova\u00e7\u00f5es de solo no mesmo ano, um custo elevado que foi financiado e precisa ser quitado\u201d, afirma Caneppelle.<\/p>\n<p>Mesmo com financiamento pelo <strong><a href=\"https:\/\/www.canalrural.com.br\/tag\/pronaf\/\">Pronaf<\/a><\/strong>, o produtor n\u00e3o conseguiu acionar o <strong><a href=\"https:\/\/www.canalrural.com.br\/tag\/proagro\/\">Proagro<\/a><\/strong> porque sua lavoura n\u00e3o estava dentro do zoneamento agr\u00edcola. Apesar disso, o programa tem sido essencial para muitos agricultores familiares e m\u00e9dios produtores, ajudando na recupera\u00e7\u00e3o de perdas.<\/p>\n<\/div>\n<div>\n<h2 class=\"wp-block-heading\" id=\"h-alerta\">Alerta<\/h2>\n<p>Agora, o setor est\u00e1 apreensivo com o poss\u00edvel impacto das mudan\u00e7as. \u201cO teto proposto \u00e9 muito baixo. Neste ano, tivemos um gasto de R$ 11 bilh\u00f5es, e agora se prev\u00ea R$ 7 bilh\u00f5es. Para a agricultura familiar, o Proagro \u00e9 essencial. N\u00e3o podemos retroceder nessa pol\u00edtica p\u00fablica\u201d, alerta Carlos Joel da Silva, presidente da Fetag\/RS.<\/p>\n<p>\u201cSem o Proagro, o pequeno produtor n\u00e3o tem como contratar seguros por conta pr\u00f3pria, seja pelo custo elevado ou pela indisponibilidade. Precisamos de seguran\u00e7a jur\u00eddica para garantir que o contratado retorne ao produtor em caso de sinistro\u201d, ressalta o advogado Roberto Ghigino, especialista em Direito Agr\u00e1rio.<\/p>\n<figure class=\"wp-block-embed is-type-video is-provider-youtube wp-block-embed-youtube wp-embed-aspect-16-9 wp-has-aspect-ratio\">\n<p>\n<iframe title=\"Pol\u00edtica agr\u00edcola: mudan\u00e7a no Proagro preocupa produtores rurais do RS\" width=\"800\" height=\"450\" src=\"https:\/\/www.youtube.com\/embed\/2iAT3OqynNY?feature=oembed\" frameborder=\"0\" allow=\"accelerometer; autoplay; clipboard-write; encrypted-media; gyroscope; picture-in-picture; web-share\" referrerpolicy=\"strict-origin-when-cross-origin\" allowfullscreen><\/iframe><noscript><iframe title=\"Pol\u00edtica agr\u00edcola: mudan\u00e7a no Proagro preocupa produtores rurais do RS\" width=\"800\" height=\"450\" src=\"https:\/\/www.youtube.com\/embed\/2iAT3OqynNY?feature=oembed\" frameborder=\"0\" allow=\"accelerometer; autoplay; clipboard-write; encrypted-media; gyroscope; picture-in-picture; web-share\" referrerpolicy=\"strict-origin-when-cross-origin\" allowfullscreen><\/iframe><\/noscript>\n<\/p>\n<\/figure>\n<p>O PL faz parte do pacote de ajuste fiscal do Governo Federal, que estima uma economia de R$ 199,1 bilh\u00f5es aos cofres p\u00fablicos at\u00e9 2030, segundo o Minist\u00e9rio da Fazenda. O Proagro foi criado com o objetivo de atender aos pequenos e m\u00e9dios produtores, garantindo a exonera\u00e7\u00e3o de obriga\u00e7\u00f5es financeiras relativas a opera\u00e7\u00e3o de cr\u00e9dito rural de custeio, cuja liquida\u00e7\u00e3o seja dificultada pela ocorr\u00eancia de fen\u00f4menos naturais, pragas e doen\u00e7as que atinjam rebanhos e planta\u00e7\u00f5es, na forma estabelecida pelo Conselho Monet\u00e1rio Nacional \u2013 CMN.<\/p>\n<\/p><\/div>\n<p><br \/>\n<br \/><a href=\"https:\/\/www.canalrural.com.br\/nacional\/rio-grande-do-sul\/projeto-de-lei-pode-limitar-recursos-do-proagro-e-preocupa-produtores-rurais\/\">Source link <\/a><\/p>\n","protected":false},"excerpt":{"rendered":"<p>O projeto de lei (PL 4614\/2024) que est\u00e1 tramitando no Congresso Nacional prop\u00f5e mudan\u00e7as na legisla\u00e7\u00e3o que regula a pol\u00edtica<\/p>\n","protected":false},"author":1,"featured_media":6409,"comment_status":"open","ping_status":"open","sticky":false,"template":"","format":"standard","meta":{"_monsterinsights_skip_tracking":false,"_monsterinsights_sitenote_active":false,"_monsterinsights_sitenote_note":"","_monsterinsights_sitenote_category":0,"_uf_show_specific_survey":0,"_uf_disable_surveys":false,"footnotes":""},"categories":[1],"tags":[],"class_list":["post-6408","post","type-post","status-publish","format-standard","has-post-thumbnail","hentry","category-news"],"_links":{"self":[{"href":"https:\/\/agromt.news\/index.php?rest_route=\/wp\/v2\/posts\/6408"}],"collection":[{"href":"https:\/\/agromt.news\/index.php?rest_route=\/wp\/v2\/posts"}],"about":[{"href":"https:\/\/agromt.news\/index.php?rest_route=\/wp\/v2\/types\/post"}],"author":[{"embeddable":true,"href":"https:\/\/agromt.news\/index.php?rest_route=\/wp\/v2\/users\/1"}],"replies":[{"embeddable":true,"href":"https:\/\/agromt.news\/index.php?rest_route=%2Fwp%2Fv2%2Fcomments&post=6408"}],"version-history":[{"count":0,"href":"https:\/\/agromt.news\/index.php?rest_route=\/wp\/v2\/posts\/6408\/revisions"}],"wp:featuredmedia":[{"embeddable":true,"href":"https:\/\/agromt.news\/index.php?rest_route=\/wp\/v2\/media\/6409"}],"wp:attachment":[{"href":"https:\/\/agromt.news\/index.php?rest_route=%2Fwp%2Fv2%2Fmedia&parent=6408"}],"wp:term":[{"taxonomy":"category","embeddable":true,"href":"https:\/\/agromt.news\/index.php?rest_route=%2Fwp%2Fv2%2Fcategories&post=6408"},{"taxonomy":"post_tag","embeddable":true,"href":"https:\/\/agromt.news\/index.php?rest_route=%2Fwp%2Fv2%2Ftags&post=6408"}],"curies":[{"name":"wp","href":"https:\/\/api.w.org\/{rel}","templated":true}]}}