{"id":6309,"date":"2024-12-09T09:47:24","date_gmt":"2024-12-09T13:47:24","guid":{"rendered":"https:\/\/agromt.news\/?p=6309"},"modified":"2024-12-09T09:47:24","modified_gmt":"2024-12-09T13:47:24","slug":"confira-como-esta-o-andamento-da-safra-argentina","status":"publish","type":"post","link":"https:\/\/agromt.news\/?p=6309","title":{"rendered":"Confira como est\u00e1 o andamento da safra argentina"},"content":{"rendered":"<p> <br \/>\n<\/p>\n<div>\n<div class=\"row\">\n<div class=\"col-lg col-infos mt-3 mt-lg-0\">\n<div class=\"section-sub-title\">\n<p itemprop=\"description\">&#13;<br \/>\n                                Quanto ao milho, o avan\u00e7o da semeadura atingiu 47,8% da \u00e1rea estimada&#13;\n                            <\/p>\n<\/p><\/div>\n<div class=\"container\">\n<div class=\"row\">\n<div class=\"col-lg p-0\">\n<div>\n<div class=\"block-news-main-infos mt-3 text-start\">\n<p>                                            <strong class=\"fn\" itemprop=\"author\" style=\"color: rgb(112, 112, 112); \">&#13;<br \/>\n                                                <a href=\"https:\/\/www.agrolink.com.br\/noticias\/javascript:;\" class=\"text-uppercase\" target=\"_blank\" style=\"color: rgb(112, 112, 112); \" rel=\"noopener\">Agrolink<\/a>&#13;<br \/>\n&#13;<br \/>\n                                                    &#8211; Leonardo Gottems&#13;<br \/>\n&#13;<br \/>\n                                            <\/strong><br \/>\n                                        <\/p>\n<p>                                            <abbr><time datetime=\"2024-12-09T09:52\" itemprop=\"datePublished dateModified\">Publicado em 09\/12\/2024 \u00e0s 09:52h.<\/time><\/abbr><br \/>\n                                            <\/p><\/div>\n<\/p><\/div>\n<\/p><\/div>\n<div class=\"col-lg p-0 text-lg-end\">\n<div>\n<div id=\"mdEnviarPagina\" class=\"modal fade\" role=\"dialog\">\n<div class=\"modal-dialog\">\n<div class=\"modal-content\">\n<div class=\"modal-body\">\n<p><strong>Estimado usu\u00e1rio.<\/strong><br \/>Preencha o formul\u00e1rio abaixo para remeter a p\u00e1gina.<\/p>\n<\/p><\/div>\n<\/p><\/div>\n<\/p><\/div>\n<\/div><\/div>\n<\/p><\/div>\n<\/p><\/div>\n<\/p><\/div>\n<\/p><\/div>\n<\/p><\/div>\n<div class=\"row justify-content-md-center mt-3\">\n<div class=\"col-lg-auto col-image  block-news-main-image d-none d-md-block\">\n<p>                            <img decoding=\"async\" src=\"https:\/\/www.agrolink.com.br\/upload\/imagens-resizes\/f0b749daba5a4fc1a60b1842c376bbac_858x483.jpg\" class=\"lazyload \" alt=\"Quanto ao milho, o avan\u00e7o da semeadura atingiu 47,8% da \u00e1rea estimada\"\/><br \/>\n                                            <span class=\"d-block mt-1\">Quanto ao milho, o avan\u00e7o da semeadura atingiu 47,8% da \u00e1rea estimada &#8211; Foto: Canva<\/span><\/p><\/div>\n<\/p><\/div>\n<div class=\"section-description section-description-noticias mt-3\">\n<p>De acordo com o \u00faltimo Panorama Agr\u00edcola Semanal (PAS) e o Estado y Condici\u00f3n de Cultivos (ECC) da Bolsa de Cereales de Buenos Aires (BCBA), a semeadura de soja avan\u00e7ou para 53,8% da \u00e1rea projetada de 18,6 milh\u00f5es de hectares. O progresso foi de 9,4 pontos percentuais na \u00faltima semana, e 100% da \u00e1rea plantada apresenta uma condi\u00e7\u00e3o de cultivo classificada entre Normal e Excelente. Esse desempenho reflete a boa adapta\u00e7\u00e3o da soja \u00e0s condi\u00e7\u00f5es clim\u00e1ticas e um bom desenvolvimento das lavouras.&#13;\n<\/p>\n<p>Quanto ao milho, o avan\u00e7o da semeadura atingiu 47,8% da \u00e1rea estimada, e 98,4% dos cultivos se encontram em condi\u00e7\u00f5es de cultivo entre Normal e Excelente, devido \u00e0 boa umidade no solo. No caso do girassol, a semeadura foi conclu\u00edda, alcan\u00e7ando as 2 milh\u00f5es de hectares previstas. A totalidade da \u00e1rea est\u00e1 em condi\u00e7\u00f5es de cultivo Normal\/Excelente, com 91% das lavouras apresentando estado h\u00eddrico Adequado\/\u00d3ptimo. A flora\u00e7\u00e3o j\u00e1 come\u00e7ou em 8% da \u00e1rea.<\/p>\n<p>Embora a produ\u00e7\u00e3o projetada continue em 18,6 milh\u00f5es de toneladas, ela pode ser revista para cima, caso os rendimentos se mantenham superiores ao esperado, o que indicaria um bom desempenho da safra. A expectativa \u00e9 que as boas condi\u00e7\u00f5es clim\u00e1ticas no decorrer da colheita favore\u00e7am uma produtividade ainda melhor, proporcionando um aumento na produ\u00e7\u00e3o nacional.&#13;\n<\/p>\n<p>Finalmente, a semeadura de cevada j\u00e1 alcan\u00e7ou 41,4% da \u00e1rea projetada, com o plantio ganhando ritmo, especialmente no norte da \u00e1rea agr\u00edcola. O aumento das \u00e1reas semeadas no norte reflete as condi\u00e7\u00f5es clim\u00e1ticas favor\u00e1veis que impulsionaram a atividade nesta regi\u00e3o. No entanto, no centro do pa\u00eds, a semeadura de milho tardio limita a \u00e1rea destinada \u00e0 cevada, uma vez que os produtores priorizam o milho devido \u00e0 maior demanda e rentabilidade.<br \/>&#13;<br \/>\n\u00a0<\/p>\n<\/p><\/div>\n<\/p><\/div>\n<p><script data-cfasync=\"false\">\n    !function (f, b, e, v, n, t, s) {\n        if (f.fbq) return; n = f.fbq = function () {\n            n.callMethod ?\n                n.callMethod.apply(n, arguments) : n.queue.push(arguments)\n        };\n        if (!f._fbq) f._fbq = n; n.push = n; n.loaded = !0; n.version = '2.0';\n        n.queue = []; t = b.createElement(e); t.async = !0;\n        t.src = v; s = b.getElementsByTagName(e)[0];\n        s.parentNode.insertBefore(t, s)\n    }(window, document, 'script',\n        'https:\/\/connect.facebook.net\/en_US\/fbevents.js');\n    fbq('init', '522546078623747');\n    fbq('track', 'PageView');\n<\/script><br \/>\n<br \/><br \/>\n<br \/><a href=\"https:\/\/www.agrolink.com.br\/noticias\/confira-como-esta-o-andamento-da-safra-argentina_497492.html\">Source link <\/a><\/p>\n","protected":false},"excerpt":{"rendered":"<p>&#13; Quanto ao milho, o avan\u00e7o da semeadura atingiu 47,8% da \u00e1rea estimada&#13; &#13; Agrolink&#13; &#13; &#8211; Leonardo Gottems&#13; &#13;<\/p>\n","protected":false},"author":1,"featured_media":1746,"comment_status":"open","ping_status":"open","sticky":false,"template":"","format":"standard","meta":{"_monsterinsights_skip_tracking":false,"_monsterinsights_sitenote_active":false,"_monsterinsights_sitenote_note":"","_monsterinsights_sitenote_category":0,"_uf_show_specific_survey":0,"_uf_disable_surveys":false,"footnotes":""},"categories":[8,1,14],"tags":[],"class_list":["post-6309","post","type-post","status-publish","format-standard","has-post-thumbnail","hentry","category-agro","category-news","category-politica-agro"],"_links":{"self":[{"href":"https:\/\/agromt.news\/index.php?rest_route=\/wp\/v2\/posts\/6309"}],"collection":[{"href":"https:\/\/agromt.news\/index.php?rest_route=\/wp\/v2\/posts"}],"about":[{"href":"https:\/\/agromt.news\/index.php?rest_route=\/wp\/v2\/types\/post"}],"author":[{"embeddable":true,"href":"https:\/\/agromt.news\/index.php?rest_route=\/wp\/v2\/users\/1"}],"replies":[{"embeddable":true,"href":"https:\/\/agromt.news\/index.php?rest_route=%2Fwp%2Fv2%2Fcomments&post=6309"}],"version-history":[{"count":0,"href":"https:\/\/agromt.news\/index.php?rest_route=\/wp\/v2\/posts\/6309\/revisions"}],"wp:featuredmedia":[{"embeddable":true,"href":"https:\/\/agromt.news\/index.php?rest_route=\/wp\/v2\/media\/1746"}],"wp:attachment":[{"href":"https:\/\/agromt.news\/index.php?rest_route=%2Fwp%2Fv2%2Fmedia&parent=6309"}],"wp:term":[{"taxonomy":"category","embeddable":true,"href":"https:\/\/agromt.news\/index.php?rest_route=%2Fwp%2Fv2%2Fcategories&post=6309"},{"taxonomy":"post_tag","embeddable":true,"href":"https:\/\/agromt.news\/index.php?rest_route=%2Fwp%2Fv2%2Ftags&post=6309"}],"curies":[{"name":"wp","href":"https:\/\/api.w.org\/{rel}","templated":true}]}}