{"id":6302,"date":"2024-12-09T03:00:23","date_gmt":"2024-12-09T07:00:23","guid":{"rendered":"https:\/\/agromt.news\/?p=6302"},"modified":"2024-12-09T03:00:23","modified_gmt":"2024-12-09T07:00:23","slug":"senado-analisa-padroes-ambientais-rigorosos-para-importados","status":"publish","type":"post","link":"https:\/\/agromt.news\/?p=6302","title":{"rendered":"Senado analisa padr\u00f5es ambientais rigorosos para importados"},"content":{"rendered":"<p> <br \/>\n<\/p>\n<div>\n<div class=\"row\">\n<div class=\"col-lg col-infos mt-3 mt-lg-0\">\n<div class=\"section-sub-title\">\n<p itemprop=\"description\">&#13;<br \/>\n                                &#8220;O que estamos pedindo \u00e9 respeito e condi\u00e7\u00f5es justas de negocia\u00e7\u00e3o\u201d&#13;\n                            <\/p>\n<\/p><\/div>\n<div class=\"container\">\n<div class=\"row\">\n<div class=\"col-lg p-0\">\n<div>\n<div class=\"block-news-main-infos mt-3 text-start\">\n<p>                                            <strong class=\"fn\" itemprop=\"author\" style=\"color: rgb(112, 112, 112); \">&#13;<br \/>\n                                                <a href=\"https:\/\/www.agrolink.com.br\/noticias\/javascript:;\" class=\"text-uppercase\" target=\"_blank\" style=\"color: rgb(112, 112, 112); \" rel=\"noopener\">Agrolink<\/a>&#13;<br \/>\n&#13;<br \/>\n                                                    &#8211; Leonardo Gottems&#13;<br \/>\n&#13;<br \/>\n                                            <\/strong><br \/>\n                                        <\/p>\n<p>                                            <abbr><time datetime=\"2024-12-07T07:31\" itemprop=\"datePublished dateModified\">Publicado em 07\/12\/2024 \u00e0s 07:31h.<\/time><\/abbr><br \/>\n                                            <\/p><\/div>\n<\/p><\/div>\n<\/p><\/div>\n<div class=\"col-lg p-0 text-lg-end\">\n<div>\n<div id=\"mdEnviarPagina\" class=\"modal fade\" role=\"dialog\">\n<div class=\"modal-dialog\">\n<div class=\"modal-content\">\n<div class=\"modal-body\">\n<p><strong>Estimado usu\u00e1rio.<\/strong><br \/>Preencha o formul\u00e1rio abaixo para remeter a p\u00e1gina.<\/p>\n<\/p><\/div>\n<\/p><\/div>\n<\/p><\/div>\n<\/div><\/div>\n<\/p><\/div>\n<\/p><\/div>\n<\/p><\/div>\n<\/p><\/div>\n<\/p><\/div>\n<div class=\"row justify-content-md-center mt-3\">\n<div class=\"col-lg-auto col-image  block-news-main-image d-none d-md-block\">\n<p>                            <img decoding=\"async\" src=\"https:\/\/www.agrolink.com.br\/upload\/imagens-resizes\/ddb855ac3761421e9c6462ad2f7b7c0c_858x483.jpg\" class=\"lazyload \" alt=\"\u201cO que precisamos \u00e9 de algo que nos permita negociar com aqueles que tentam nos restringir comercialmente&quot;\"\/><br \/>\n                                            <span class=\"d-block mt-1\">\u201cO que precisamos \u00e9 de algo que nos permita negociar com aqueles que tentam nos restringir comercialmente&#8221; &#8211; Foto: Ag\u00eancia Brasil<\/span><\/p><\/div>\n<\/p><\/div>\n<div class=\"section-description section-description-noticias mt-3\">\n<p>A Comiss\u00e3o de Meio Ambiente (CMA) do Senado iniciou a an\u00e1lise do Projeto de Lei 2088\/2023, proposto pelo senador Zequinha Marinho (Podemos-PA), que exige que produtos importados venham de pa\u00edses com padr\u00f5es ambientais iguais ou mais rigorosos que os do Brasil. Entre os crit\u00e9rios est\u00e3o emiss\u00f5es de gases de efeito estufa e conformidade com o C\u00f3digo Florestal Brasileiro.&#13;\n<\/p>\n<p>A relatora, senadora Tereza Cristina (PP-MS), defendeu a proposta como resposta a ataques, especialmente da Fran\u00e7a, contra a qualidade ambiental dos produtos brasileiros. Ela criticou a rejei\u00e7\u00e3o da Fran\u00e7a ao acordo entre Mercosul e Uni\u00e3o Europeia, afirmando que o Brasil tem pr\u00e1ticas ambientais rigorosas e que as acusa\u00e7\u00f5es contra seus produtos s\u00e3o injustas.<\/p>\n<p>Marinho tamb\u00e9m ressaltou que o Brasil precisa negociar como uma na\u00e7\u00e3o soberana, sem ceder a press\u00f5es externas. Durante a audi\u00eancia, o diretor do Instituto Brasileiro de Agricultura Sustent\u00e1vel (IBA), Augusto Silva, questionou se outros pa\u00edses adotam pr\u00e1ticas agr\u00edcolas como o plantio direto, que preserva o carbono no solo. A Confedera\u00e7\u00e3o da Agricultura e Pecu\u00e1ria do Brasil (CNA) destacou que os ataques ao agro brasileiro tendem a crescer com o aumento da presen\u00e7a do Brasil no mercado global.&#13;\n<\/p>\n<p>\u201cO que precisamos \u00e9 de algo que nos permita negociar com aqueles que tentam nos restringir comercialmente. Ningu\u00e9m quer ficar isolado, e em um mundo globalizado, o isolamento n\u00e3o \u00e9 vi\u00e1vel. Precisamos ter orgulho de nosso produto e mostrar que temos qualidade. O que estamos pedindo \u00e9 respeito e condi\u00e7\u00f5es justas de negocia\u00e7\u00e3o\u201d, pontuou Zequinha.<br \/>&#13;<br \/>\n\u00a0<\/p>\n<\/p><\/div>\n<\/p><\/div>\n<p><script data-cfasync=\"false\">\n    !function (f, b, e, v, n, t, s) {\n        if (f.fbq) return; n = f.fbq = function () {\n            n.callMethod ?\n                n.callMethod.apply(n, arguments) : n.queue.push(arguments)\n        };\n        if (!f._fbq) f._fbq = n; n.push = n; n.loaded = !0; n.version = '2.0';\n        n.queue = []; t = b.createElement(e); t.async = !0;\n        t.src = v; s = b.getElementsByTagName(e)[0];\n        s.parentNode.insertBefore(t, s)\n    }(window, document, 'script',\n        'https:\/\/connect.facebook.net\/en_US\/fbevents.js');\n    fbq('init', '522546078623747');\n    fbq('track', 'PageView');\n<\/script><br \/>\n<br \/><br \/>\n<br \/><a href=\"https:\/\/www.agrolink.com.br\/noticias\/senado-analisa-padroes-ambientais-rigorosos-para-importados_497463.html\">Source link <\/a><\/p>\n","protected":false},"excerpt":{"rendered":"<p>&#13; &#8220;O que estamos pedindo \u00e9 respeito e condi\u00e7\u00f5es justas de negocia\u00e7\u00e3o\u201d&#13; &#13; Agrolink&#13; &#13; &#8211; Leonardo Gottems&#13; &#13; Publicado<\/p>\n","protected":false},"author":1,"featured_media":6303,"comment_status":"open","ping_status":"open","sticky":false,"template":"","format":"standard","meta":{"_monsterinsights_skip_tracking":false,"_monsterinsights_sitenote_active":false,"_monsterinsights_sitenote_note":"","_monsterinsights_sitenote_category":0,"_uf_show_specific_survey":0,"_uf_disable_surveys":false,"footnotes":""},"categories":[8,1,14],"tags":[],"class_list":["post-6302","post","type-post","status-publish","format-standard","has-post-thumbnail","hentry","category-agro","category-news","category-politica-agro"],"_links":{"self":[{"href":"https:\/\/agromt.news\/index.php?rest_route=\/wp\/v2\/posts\/6302"}],"collection":[{"href":"https:\/\/agromt.news\/index.php?rest_route=\/wp\/v2\/posts"}],"about":[{"href":"https:\/\/agromt.news\/index.php?rest_route=\/wp\/v2\/types\/post"}],"author":[{"embeddable":true,"href":"https:\/\/agromt.news\/index.php?rest_route=\/wp\/v2\/users\/1"}],"replies":[{"embeddable":true,"href":"https:\/\/agromt.news\/index.php?rest_route=%2Fwp%2Fv2%2Fcomments&post=6302"}],"version-history":[{"count":0,"href":"https:\/\/agromt.news\/index.php?rest_route=\/wp\/v2\/posts\/6302\/revisions"}],"wp:featuredmedia":[{"embeddable":true,"href":"https:\/\/agromt.news\/index.php?rest_route=\/wp\/v2\/media\/6303"}],"wp:attachment":[{"href":"https:\/\/agromt.news\/index.php?rest_route=%2Fwp%2Fv2%2Fmedia&parent=6302"}],"wp:term":[{"taxonomy":"category","embeddable":true,"href":"https:\/\/agromt.news\/index.php?rest_route=%2Fwp%2Fv2%2Fcategories&post=6302"},{"taxonomy":"post_tag","embeddable":true,"href":"https:\/\/agromt.news\/index.php?rest_route=%2Fwp%2Fv2%2Ftags&post=6302"}],"curies":[{"name":"wp","href":"https:\/\/api.w.org\/{rel}","templated":true}]}}