{"id":6300,"date":"2024-12-09T02:39:24","date_gmt":"2024-12-09T06:39:24","guid":{"rendered":"https:\/\/agromt.news\/?p=6300"},"modified":"2024-12-09T02:39:24","modified_gmt":"2024-12-09T06:39:24","slug":"nota-oficial-nelore-ms-cobra-reparacao-do-carrefour-brasil-e-franca","status":"publish","type":"post","link":"https:\/\/agromt.news\/?p=6300","title":{"rendered":"Nota Oficial: Nelore\/MS cobra repara\u00e7\u00e3o do Carrefour Brasil e Fran\u00e7a"},"content":{"rendered":"<p> <br \/>\n<\/p>\n<div>\n<p>A Associa\u00e7\u00e3o Sul-Mato-Grossense dos Criadores de Nelore \u2013 Nelore\/MS, repudia a declara\u00e7\u00e3o infundada do CEO do Grupo Carrefour\u00a0<br \/>A declara\u00e7\u00e3o feita na \u00faltima quarta-feira (20), pelo CEO franc\u00eas Alexandre Bompard, trouxe indigna\u00e7\u00e3o ao setor pecu\u00e1rio do Brasil, e consequentemente de Mato Grosso do Sul, o CEO declarou em suas redes sociais que assume o compromisso de n\u00e3o comercializar nenhuma carne proveniente do Mercosul, bloco formado por Brasil, Argentina, Paraguai e Uruguai.<\/p>\n<p>A Nelore\/MS, por meio do presidente Paulo Matos e demais associados vem por meio desta nota repudiar tal declara\u00e7\u00e3o, a associa\u00e7\u00e3o destaca ainda a irrelev\u00e2ncia da Fran\u00e7a no mercado brasileiro. De acordo com o site Farmnews, na tabela do Comex (com\u00e9rcio exterior) a Fran\u00e7a comprou, entre janeiro e outubro de 2024, menos de 40 toneladas de carne bovina in natura do Brasil, o que representa 0,002% do total embarcado pelo Brasil no per\u00edodo, de 1,41 milh\u00e3o de toneladas. Por\u00e9m, por outro lado, a Uni\u00e3o Europeia, tem uma import\u00e2ncia maior para a exporta\u00e7\u00e3o de carne bovina do Brasil, apesar de ainda modesta, participando com cerca de 2,2% dos embarques do Pa\u00eds na parcial de 2024, at\u00e9 outubro. Isso mostra que, mesmo com a insignific\u00e2ncia da exporta\u00e7\u00e3o francesa, essa declara\u00e7\u00e3o atinge a moral do produtor rural brasileiro, fazendo que outras empresas possam questionar a qualidade da prote\u00edna produzida aqui.<\/p>\n<p>No entanto a Fran\u00e7a e suas empresas talvez n\u00e3o imaginem o efeito do rep\u00fadio e das consequ\u00eancias que essa declara\u00e7\u00e3o pode causar \u00e0 economia francesa, j\u00e1 que o Brasil \u00e9 importador e consumidor de produtos de origem francesa, como vinhos, queijos, perfumaria, entre outros. A reciprocidade desta atitude pode gerar um grande impacto, principalmente no setor do turismo, j\u00e1 que a Fran\u00e7a \u00e9 um dos principais destinos dos brasileiros.<\/p>\n<p>Portanto essa tentativa de desqualificar a carne produzida aqui no Brasil, colocando em questionamento o compromisso do agro brasileiro, que produz carne de qualidade, e que \u00e9 amparado por uma forte legisla\u00e7\u00e3o ambiental, nada mais \u00e9 que querer criar um embara\u00e7o comercial entre os pa\u00edses do Mercosul.<\/p>\n<p>Os criadores brasileiros exigem respeito, pois a declara\u00e7\u00e3o foi feita de maneira irrespons\u00e1vel e sem respaldo cient\u00edfico que justificasse tal decis\u00e3o. A Nelore\/MS aguarda a manifesta\u00e7\u00e3o de reparo tanto do Carrefour Brasil, como da Fran\u00e7a.\u00a0<\/p>\n<p><strong>NELORE\/MS<br \/>Presidente Paulo Matos<\/strong><\/p>\n<\/p><\/div>\n<p><script async defer src=\"https:\/\/connect.facebook.net\/en_US\/sdk.js\" type=\"8c0cd4279aee9d4ffc31bf61-text\/javascript\"><\/script><script type=\"8c0cd4279aee9d4ffc31bf61-text\/javascript\">\n  !function(f,b,e,v,n,t,s)\n  {if(f.fbq)return;n=f.fbq=function(){n.callMethod?\n    n.callMethod.apply(n,arguments):n.queue.push(arguments)};\n    if(!f._fbq)f._fbq=n;n.push=n;n.loaded=!0;n.version='2.0';\n    n.queue=[];t=b.createElement(e);t.async=!0;\n    t.src=v;s=b.getElementsByTagName(e)[0];\n    s.parentNode.insertBefore(t,s)}(window, document,'script',\n    'https:\/\/connect.facebook.net\/en_US\/fbevents.js');\n  fbq('init', '153495679422335');\n  fbq('track', 'PageView');\n<\/script><br \/>\n<br \/><br \/>\n<br \/><a href=\"https:\/\/www.noticiasagricolas.com.br\/noticias\/carnes\/389167-nota-oficial-nelore-ms-cobra-reparacao-do-carrefour-brasil-e-franca.html\">Source link <\/a><\/p>\n","protected":false},"excerpt":{"rendered":"<p>A Associa\u00e7\u00e3o Sul-Mato-Grossense dos Criadores de Nelore \u2013 Nelore\/MS, repudia a declara\u00e7\u00e3o infundada do CEO do Grupo Carrefour\u00a0A declara\u00e7\u00e3o feita<\/p>\n","protected":false},"author":1,"featured_media":6301,"comment_status":"open","ping_status":"open","sticky":false,"template":"","format":"standard","meta":{"_monsterinsights_skip_tracking":false,"_monsterinsights_sitenote_active":false,"_monsterinsights_sitenote_note":"","_monsterinsights_sitenote_category":0,"_uf_show_specific_survey":0,"_uf_disable_surveys":false,"footnotes":""},"categories":[8,1,14,16],"tags":[],"class_list":["post-6300","post","type-post","status-publish","format-standard","has-post-thumbnail","hentry","category-agro","category-news","category-politica-agro","category-safra"],"_links":{"self":[{"href":"https:\/\/agromt.news\/index.php?rest_route=\/wp\/v2\/posts\/6300"}],"collection":[{"href":"https:\/\/agromt.news\/index.php?rest_route=\/wp\/v2\/posts"}],"about":[{"href":"https:\/\/agromt.news\/index.php?rest_route=\/wp\/v2\/types\/post"}],"author":[{"embeddable":true,"href":"https:\/\/agromt.news\/index.php?rest_route=\/wp\/v2\/users\/1"}],"replies":[{"embeddable":true,"href":"https:\/\/agromt.news\/index.php?rest_route=%2Fwp%2Fv2%2Fcomments&post=6300"}],"version-history":[{"count":0,"href":"https:\/\/agromt.news\/index.php?rest_route=\/wp\/v2\/posts\/6300\/revisions"}],"wp:featuredmedia":[{"embeddable":true,"href":"https:\/\/agromt.news\/index.php?rest_route=\/wp\/v2\/media\/6301"}],"wp:attachment":[{"href":"https:\/\/agromt.news\/index.php?rest_route=%2Fwp%2Fv2%2Fmedia&parent=6300"}],"wp:term":[{"taxonomy":"category","embeddable":true,"href":"https:\/\/agromt.news\/index.php?rest_route=%2Fwp%2Fv2%2Fcategories&post=6300"},{"taxonomy":"post_tag","embeddable":true,"href":"https:\/\/agromt.news\/index.php?rest_route=%2Fwp%2Fv2%2Ftags&post=6300"}],"curies":[{"name":"wp","href":"https:\/\/api.w.org\/{rel}","templated":true}]}}