{"id":6297,"date":"2024-12-08T22:04:57","date_gmt":"2024-12-09T02:04:57","guid":{"rendered":"https:\/\/agromt.news\/?p=6297"},"modified":"2024-12-08T22:04:57","modified_gmt":"2024-12-09T02:04:57","slug":"preco-do-boi-gordo-despencou-na-semana-ha-espaco-para-novas-valorizacoes","status":"publish","type":"post","link":"https:\/\/agromt.news\/?p=6297","title":{"rendered":"Pre\u00e7o do boi gordo despencou na semana. H\u00e1 espa\u00e7o para novas valoriza\u00e7\u00f5es?"},"content":{"rendered":"<p> <br \/>\n<\/p>\n<div>\n<p>O cen\u00e1rio do mercado brasileiro do boi gordo mudou bastante ao longo da semana. Diferente das altas registradas ao longo de novembro, a primeira semana de dezembro foi marcada pelo decl\u00ednio nos valores pagos pela arroba.<\/p>\n<p>De acordo com o analista de Safras &amp; Mercado Fernando Iglesias, <strong><a href=\"https:\/\/www.canalrural.com.br\/pecuaria\/mudanca-no-comportamento-de-compra-derruba-precos-do-boi-gordo-veja-cotacoes\/\">conforme antecipado na semana passada<\/a><\/strong>, a entrada de animais confinados no mercado acabou contribuindo para que as ind\u00fastrias alongassem as escalas de abate, ocasionando uma mudan\u00e7a de comportamento na compra de gado.<\/p>\n<blockquote class=\"wp-block-quote is-layout-flow wp-block-quote-is-layout-flow\">\n<p>\u201cO ambiente de neg\u00f3cios ainda sugere pela continuidade do movimento de queda no curto prazo, considerando o aumento da capacidade ociosa das ind\u00fastrias, em especial daquelas que atuam no mercado dom\u00e9stico.\u201d<\/p>\n<\/blockquote>\n<\/div>\n<div>\n<h2 class=\"wp-block-heading\" id=\"h-problemas-de-demanda\">Problemas de demanda<\/h2>\n<pre class=\"wp-block-code\"><code>O analista destaca que \u00e9 preciso considerar tamb\u00e9m os problemas de demanda no mercado dom\u00e9stico, que j\u00e1 n\u00e3o consegue mais acompanhar reajustes dos pre\u00e7os da carne bovina, com a popula\u00e7\u00e3o optando por prote\u00ednas mais acess\u00edveis, a exemplo da carne de frango.<\/code><\/pre>\n<pre class=\"wp-block-code\"><code>Os pre\u00e7os da arroba do boi gordo na modalidade a prazo nas principais pra\u00e7as de comercializa\u00e7\u00e3o do pa\u00eds estavam assim no dia 5 de dezembro:<\/code><\/pre>\n<ul class=\"wp-block-list\">\n<li><strong>S\u00e3o Paulo (Capital):<\/strong> R$ 325, queda de 9,72% frente aos R$ 360 registrados em 29 de novembro<\/li>\n<li><strong>Goi\u00e1s (Goi\u00e2nia):<\/strong> R$ 315, recuo de 11,27% perante os R$ 355 da \u00faltima<br \/>semana<\/li>\n<li><strong>Minas Gerais (Uberaba):<\/strong> R$ 315, baixa de 5,97% frente aos R$ 335 indicados no fechamento da semana anterior<\/li>\n<li><strong>Mato Grosso do Sul (Dourados):<\/strong> R$ 315, desvaloriza\u00e7\u00e3o de 8,7% frente aos R$ 345 praticados no final de novembro<\/li>\n<li><strong>Mato Grosso (Cuiab\u00e1):<\/strong> R$ 310, 7,46% aqu\u00e9m dos R$ 335 registrados no encerramento da semana anterior.<\/li>\n<li><strong>Rond\u00f4nia (Vilhena):<\/strong> R$ 290 a arroba, retra\u00e7\u00e3o de 6,45% em rela\u00e7\u00e3o aos R$ 310 de 29 de novembro<\/li>\n<\/ul>\n<h2 class=\"wp-block-heading\" id=\"h-mercado-atacadista\">Mercado atacadista<\/h2>\n<pre class=\"wp-block-code\"><code>O mercado atacadista se deparou com pre\u00e7os acomodados no decorrer da semana. Mesmo em um momento de capitaliza\u00e7\u00e3o da popula\u00e7\u00e3o, Iglesias destaca que os consumidores est\u00e3o priorizando as prote\u00ednas mais acess\u00edveis. \"Isso dificulta novos repasses ao longo da\ncadeia produtiva de carne bovina\".<\/code><\/pre>\n<pre class=\"wp-block-code\"><code>Os cortes do dianteiro do boi se mantiveram em R$ 20,50 o quilo. J\u00e1 os cortes do traseiro do boi tiveram uma valoriza\u00e7\u00e3o de 1,89% ao longo da semana, passando de R$ 26,50 para R$ 27,00 o quilo.<\/code><\/pre>\n<h2 class=\"wp-block-heading\" id=\"h-exportacoes-de-carne-de-boi\">Exporta\u00e7\u00f5es de carne de boi<\/h2>\n<figure class=\"wp-block-image size-full\"><img fetchpriority=\"high\" decoding=\"async\" width=\"768\" height=\"467\" alt=\"carne\" class=\"wp-image-4039465\"  data-lazy- src=\"https:\/\/agromt.news\/wp-content\/uploads\/2024\/12\/Industria-pressiona-pecuarista-cede-e-precos-do-boi-gordo-caem.jpg\"\/><img decoding=\"async\" width=\"768\" height=\"467\" src=\"https:\/\/agromt.news\/wp-content\/uploads\/2024\/12\/Industria-pressiona-pecuarista-cede-e-precos-do-boi-gordo-caem.jpg\" alt=\"carne\" class=\"wp-image-4039465\"  \/><\/figure>\n<p>As exporta\u00e7\u00f5es de carne bovina fresca, congelada ou refrigerada do Brasil, renderam US$ 1,109 bilh\u00e3o em novembro (19 dias \u00fateis), com m\u00e9dia di\u00e1ria de US$ 58,420 milh\u00f5es, conforme dados da Secretaria de Com\u00e9rcio Exterior (Secex). <\/p>\n<p>A quantidade total exportada pelo pa\u00eds chegou a 228,132 mil toneladas, com m\u00e9dia di\u00e1ria de 12,007 mil toneladas. O pre\u00e7o m\u00e9dio da tonelada ficou em US$ 4.865,50.<\/p>\n<pre class=\"wp-block-code\"><code>Em rela\u00e7\u00e3o a novembro de 2023, houve alta de 28,6% no valor m\u00e9dio di\u00e1rio da exporta\u00e7\u00e3o da carne bovina, ganho de 21,4% na quantidade m\u00e9dia di\u00e1ria exportada e avan\u00e7o de 5,9% no pre\u00e7o m\u00e9dio. <\/code><\/pre>\n<\/p><\/div>\n<p><br \/>\n<br \/><a href=\"https:\/\/www.canalrural.com.br\/pecuaria\/preco-do-boi-gordo-despencou-na-semana-ha-espaco-para-novas-valorizacoes\/\">Source link <\/a><\/p>\n","protected":false},"excerpt":{"rendered":"<p>O cen\u00e1rio do mercado brasileiro do boi gordo mudou bastante ao longo da semana. Diferente das altas registradas ao longo<\/p>\n","protected":false},"author":1,"featured_media":6298,"comment_status":"open","ping_status":"open","sticky":false,"template":"","format":"standard","meta":{"_monsterinsights_skip_tracking":false,"_monsterinsights_sitenote_active":false,"_monsterinsights_sitenote_note":"","_monsterinsights_sitenote_category":0,"_uf_show_specific_survey":0,"_uf_disable_surveys":false,"footnotes":""},"categories":[1],"tags":[],"class_list":["post-6297","post","type-post","status-publish","format-standard","has-post-thumbnail","hentry","category-news"],"_links":{"self":[{"href":"https:\/\/agromt.news\/index.php?rest_route=\/wp\/v2\/posts\/6297"}],"collection":[{"href":"https:\/\/agromt.news\/index.php?rest_route=\/wp\/v2\/posts"}],"about":[{"href":"https:\/\/agromt.news\/index.php?rest_route=\/wp\/v2\/types\/post"}],"author":[{"embeddable":true,"href":"https:\/\/agromt.news\/index.php?rest_route=\/wp\/v2\/users\/1"}],"replies":[{"embeddable":true,"href":"https:\/\/agromt.news\/index.php?rest_route=%2Fwp%2Fv2%2Fcomments&post=6297"}],"version-history":[{"count":0,"href":"https:\/\/agromt.news\/index.php?rest_route=\/wp\/v2\/posts\/6297\/revisions"}],"wp:featuredmedia":[{"embeddable":true,"href":"https:\/\/agromt.news\/index.php?rest_route=\/wp\/v2\/media\/6298"}],"wp:attachment":[{"href":"https:\/\/agromt.news\/index.php?rest_route=%2Fwp%2Fv2%2Fmedia&parent=6297"}],"wp:term":[{"taxonomy":"category","embeddable":true,"href":"https:\/\/agromt.news\/index.php?rest_route=%2Fwp%2Fv2%2Fcategories&post=6297"},{"taxonomy":"post_tag","embeddable":true,"href":"https:\/\/agromt.news\/index.php?rest_route=%2Fwp%2Fv2%2Ftags&post=6297"}],"curies":[{"name":"wp","href":"https:\/\/api.w.org\/{rel}","templated":true}]}}