{"id":6293,"date":"2024-12-08T20:27:50","date_gmt":"2024-12-09T00:27:50","guid":{"rendered":"https:\/\/agromt.news\/?p=6293"},"modified":"2024-12-08T20:27:50","modified_gmt":"2024-12-09T00:27:50","slug":"municipio-do-parana-teve-chuva-de-233-mm-em-apenas-13-horas-e-ainda-tem-mais-por-vir","status":"publish","type":"post","link":"https:\/\/agromt.news\/?p=6293","title":{"rendered":"Munic\u00edpio do Paran\u00e1 teve chuva de 233 mm em apenas 13 horas; e ainda tem mais por vir"},"content":{"rendered":"<p> <br \/>\n<\/p>\n<div>\n<p>Os volumes de chuva acumulados sobre o Paran\u00e1 no per\u00edodo de 24 horas s\u00e3o \u201cimpressionantes\u201d, classifica a Climatempo. <\/p>\n<p>A empresa de climatologia, parceira de conte\u00fado do <strong><a href=\"https:\/\/www.canalrural.com.br\/\">Canal Rural<\/a><\/strong>, aponta que v\u00e1rias \u00e1reas do estado voltaram a acumular mais de 100 mil\u00edmetros entre o come\u00e7o da tarde do s\u00e1bado e o come\u00e7o da tarde deste domingo (8).<\/p>\n<p>A chuva sobre a regi\u00e3o de Cianorte, no Noroeste do Paran\u00e1, foi \u201cextremamente volumosa\u201d. No per\u00edodo entre 13 horas do dia 7 e 13 horas de 8 de dezembro, o Simepar registrou <strong>232,8 mm <\/strong>na regi\u00e3o. Este valor supera a m\u00e9dia de chuva climatol\u00f3gica para todo o m\u00eas de dezembro. <\/p>\n<p>Para a maioria das \u00e1reas do Paran\u00e1, a m\u00e9dia de chuva normal para o 12\u00ba m\u00eas do ano varia de 180 a 220 mm, conforme c\u00e1lculos do Instituto Nacional de Meteorologia (Inmet), para o per\u00edodo de 1991 a 2020.<\/p>\n<h2 class=\"wp-block-heading\" id=\"h-onde-mais-choveu-muito\">Onde mais choveu muito?<\/h2>\n<p>Confira outros volumes de chuva muito elevados que foram registrados em 24 horas, entre 13 horas do dia 7 e 13 horas de 8 de dezembro de 2024, de acordo com o Inmet e o Simepar:<\/p>\n<ul class=\"wp-block-list\">\n<li>Cianorte: 232,8 mm <\/li>\n<li>Alt\u00f4nia: 147,4 mm <\/li>\n<li>Nova Tebas: 131,4 mm <\/li>\n<li>Campina da Lagoa: 128,4 mm <\/li>\n<li>Ubirat\u00e3: 122,4 mm <\/li>\n<li>Assis Chateaubriand: 110,2 mm <\/li>\n<li>Palotina: 108,8 mm <\/li>\n<\/ul>\n<p>Em Curitiba, o Simepar registrou 114,2 mm acumulados em apenas 48 horas entre o come\u00e7o da tarde de sexta-feira (6) e o come\u00e7o da tarde deste domingo. Isso corresponde a quase metade da m\u00e9dia de chuva para dezembro em Curitiba, que fica em torno de 241 mm.<\/p>\n<h2 class=\"wp-block-heading\" id=\"h-chuva-nas-ultimas-48-horas\">Chuva nas \u00faltimas 48 horas<\/h2>\n<p>Considerando os acumulados de 48 horas, entre aproximadamente 14h30 da sexta-feira e 14h30 deste domingo, o Centro de Monitoramento e Alertas de Desastres Naturais (Cemaden) j\u00e1 registrou de 150 a cerca de 200 mm acumulados em v\u00e1rios locais do Paran\u00e1:<\/p>\n<ul class=\"wp-block-list\">\n<li>Nova Laranjeiras: 189,6 mm <\/li>\n<\/ul>\n<\/div>\n<div>\n<ul class=\"wp-block-list\">\n<li>Francisco Beltr\u00e3o: 183,6 mm <\/li>\n<\/ul>\n<h2 class=\"wp-block-heading\" id=\"h-quais-os-motivos\">Quais os motivos?<\/h2>\n<figure class=\"wp-block-image size-large\"><img fetchpriority=\"high\" decoding=\"async\" width=\"1024\" height=\"682\" alt=\"frente fria, granizo, chuva\" class=\"wp-image-4068258\"  data-lazy- src=\"https:\/\/agromt.news\/wp-content\/uploads\/2024\/12\/Municipio-do-Parana-teve-chuva-de-233-mm-em-apenas.jpg\"\/><img decoding=\"async\" width=\"1024\" height=\"682\" src=\"https:\/\/agromt.news\/wp-content\/uploads\/2024\/12\/Municipio-do-Parana-teve-chuva-de-233-mm-em-apenas.jpg\" alt=\"frente fria, granizo, chuva\" class=\"wp-image-4068258\"  \/><figcaption class=\"wp-element-caption\">Frente fria. Foto: Pixabay<\/figcaption><\/figure>\n<p>O deslocamento de uma frente fria pela costa da Regi\u00e3o Sul do Brasil, a presen\u00e7a de uma \u00e1rea de baixa press\u00e3o atmosf\u00e9rica sobre o Paraguai e a incid\u00eancia de ventos quentes e \u00famidos, vindos do Norte do Brasil, estimularam a forma\u00e7\u00e3o de nuvens muito carregadas que provocam chuva forte desde a sexta-feira (6). <\/p>\n<p><strong><a href=\"https:\/\/www.canalrural.com.br\/tempo\/chuva-de-100-mm-granizo-e-ventos-superiores-a-100-km-h-confira-a-previsao-para-toda-a-semana\/\">A frente fria j\u00e1 est\u00e1 avan\u00e7ando para o litoral de S\u00e3o Paulo<\/a><\/strong>. Mesmo assim, a circula\u00e7\u00e3o de ventos em n\u00edveis mais elevados da atmosfera vai manter as condi\u00e7\u00f5es para a forma\u00e7\u00e3o das nuvens bastante carregadas sobre grande parte do sul do Brasil nesta segunda-feira (9).<\/p>\n<h2 class=\"wp-block-heading\" id=\"h-mais-chuva-para-o-parana\">Mais chuva para o Paran\u00e1<\/h2>\n<p>O tempo permanece muito inst\u00e1vel em praticamente todo o Sul do Brasil nesta segunda-feira. No entanto, no Paran\u00e1, a situa\u00e7\u00e3o ainda \u00e9 de alerta m\u00e1ximo para chuva muito volumosa no centro, norte e leste do estado, incluindo a regi\u00e3o metropolitana de Curitiba, alerta a Climatempo.<\/p>\n<p>Nas \u00e1reas a oeste, sudoeste e sul do estado, ainda podem ocorrer temporais nesta segunda-feira, mas os volumes acumulados ao longo do dia devem ser menores do que os esperados para as outras \u00e1reas do estado.<\/p>\n<h2 class=\"wp-block-heading\" id=\"h-alerta-para-santa-catarina-e-rio-grande-do-sul\">Alerta para Santa Catarina e Rio Grande do Sul<\/h2>\n<p>Para Santa Catarina ainda h\u00e1 alerta para temporais na regi\u00e3o do Vale do Itaja\u00ed e no litoral norte catarinense nesta segunda-feira. J\u00e1 em Florian\u00f3polis e nas outras \u00e1reas do litoral catarinense, bem como no centro, oeste e norte do estado, ainda podem ocorrer pancadas de chuva de moderada a forte intensidade, mas ocorrem em per\u00edodos com sol ao longo do dia. N\u00e3o h\u00e1 expectativa de chuva forte para a regi\u00e3o serrana.<\/p>\n<p>O extremo norte do Rio Grande do Sul tamb\u00e9m pode ter pancadas de chuva moderadas a fortes. Contudo, as outras \u00e1reas do territ\u00f3rio ga\u00facho, incluindo a grande Porto Alegre, j\u00e1 est\u00e3o fora da zona de chuva intensa para esta segunda-feira.<\/p>\n<\/p><\/div>\n<p><br \/>\n<br \/><a href=\"https:\/\/www.canalrural.com.br\/tempo\/municipio-do-parana-teve-chuva-de-233-mm-em-apenas-13-horas-e-ainda-tem-mais-por-vir\/\">Source link <\/a><\/p>\n","protected":false},"excerpt":{"rendered":"<p>Os volumes de chuva acumulados sobre o Paran\u00e1 no per\u00edodo de 24 horas s\u00e3o \u201cimpressionantes\u201d, classifica a Climatempo. A empresa<\/p>\n","protected":false},"author":1,"featured_media":6294,"comment_status":"open","ping_status":"open","sticky":false,"template":"","format":"standard","meta":{"_monsterinsights_skip_tracking":false,"_monsterinsights_sitenote_active":false,"_monsterinsights_sitenote_note":"","_monsterinsights_sitenote_category":0,"_uf_show_specific_survey":0,"_uf_disable_surveys":false,"footnotes":""},"categories":[1],"tags":[],"class_list":["post-6293","post","type-post","status-publish","format-standard","has-post-thumbnail","hentry","category-news"],"_links":{"self":[{"href":"https:\/\/agromt.news\/index.php?rest_route=\/wp\/v2\/posts\/6293"}],"collection":[{"href":"https:\/\/agromt.news\/index.php?rest_route=\/wp\/v2\/posts"}],"about":[{"href":"https:\/\/agromt.news\/index.php?rest_route=\/wp\/v2\/types\/post"}],"author":[{"embeddable":true,"href":"https:\/\/agromt.news\/index.php?rest_route=\/wp\/v2\/users\/1"}],"replies":[{"embeddable":true,"href":"https:\/\/agromt.news\/index.php?rest_route=%2Fwp%2Fv2%2Fcomments&post=6293"}],"version-history":[{"count":0,"href":"https:\/\/agromt.news\/index.php?rest_route=\/wp\/v2\/posts\/6293\/revisions"}],"wp:featuredmedia":[{"embeddable":true,"href":"https:\/\/agromt.news\/index.php?rest_route=\/wp\/v2\/media\/6294"}],"wp:attachment":[{"href":"https:\/\/agromt.news\/index.php?rest_route=%2Fwp%2Fv2%2Fmedia&parent=6293"}],"wp:term":[{"taxonomy":"category","embeddable":true,"href":"https:\/\/agromt.news\/index.php?rest_route=%2Fwp%2Fv2%2Fcategories&post=6293"},{"taxonomy":"post_tag","embeddable":true,"href":"https:\/\/agromt.news\/index.php?rest_route=%2Fwp%2Fv2%2Ftags&post=6293"}],"curies":[{"name":"wp","href":"https:\/\/api.w.org\/{rel}","templated":true}]}}