{"id":6225,"date":"2024-12-07T10:35:35","date_gmt":"2024-12-07T14:35:35","guid":{"rendered":"https:\/\/agromt.news\/?p=6225"},"modified":"2024-12-07T10:35:35","modified_gmt":"2024-12-07T14:35:35","slug":"mercado-cafeeiro-fecha-sessao-desta-5a-feira-21-com-fortes-ganhos-em-ny-e","status":"publish","type":"post","link":"https:\/\/agromt.news\/?p=6225","title":{"rendered":"Mercado cafeeiro fecha sess\u00e3o desta 5\u00aa feira (21) com fortes ganhos em NY e&#8230;"},"content":{"rendered":"<p> <br \/>\n<\/p>\n<div>\n<p><img decoding=\"async\" alt=\"Logotipo Not&#xED;cias Agr&#xED;colas\" height=\"21\" src=\"https:\/\/cdn.noticiasagricolas.com.br\/dbimagens\/e12363a00741f9cc7caf23469101a4aa.png\" width=\"106\"\/><\/p>\n<p>O mercado cafeeiro encerra o preg\u00e3o desta quinta-feira (21) com pre\u00e7os mistos nas bolsas internacionais. O ar\u00e1bica registra o avan\u00e7o de mais de 1% nas cota\u00e7\u00f5es futuras,\u00a0enquanto o robusta caiu para territ\u00f3rio negativo ap\u00f3s uma queda do real para uma baixa de 2 semanas em rela\u00e7\u00e3o ao d\u00f3lar.\u00a0<\/p>\n<p>De acordo com o Barchart, os pre\u00e7os do caf\u00e9 encontraram suporte no dia de hoje nos dados divulgados pelo Servi\u00e7o Agr\u00edcola Estrangeiro (FAS) do USDA, que projeta a produ\u00e7\u00e3o de caf\u00e9 do Brasil em 2024\/25\u00a0em 66,4 MMT, n\u00famero abaixo da previs\u00e3o oficial do USDA de 69,9 MMT. O FAS do USDA tamb\u00e9m projetou os estoques de caf\u00e9 do \u00a0pa\u00eds em 1,2 milh\u00e3o de sacas quando a temporada 2024\/25 terminar,\u00a0resultando em uma queda de 26% a\/a. \u00a0<\/p>\n<p>O ar\u00e1bica encerra a sess\u00e3o com alta de 335 pontos no valor de 298,65 cents\/lbp no vencimento de dezembro\/24, um ganho de 320 pontos no valor de 395,70 cents\/lbp no de mar\u00e7o\/25, um aumento de 290 pontos no valor de 293,15 cents\/lbp no de maio\/25, e uma alta de 225 pontos no valor de 288,55 cents\/lbp no de julho\/25.<\/p>\n<p>J\u00e1 o robusta registra baixa de US$ 11 no valor de US$ 4.784\/tonelada no contrato de novembro\/24, uma queda de US$ 11 no valor de US$ 4.787\/tonelada no de janeiro\/25, uma baixa de\u00a0US$ 10 no valor de US$ 4.732\/tonelada no de mar\u00e7o\/25, e uma baixa de US$ 16 no valor de US$ 4.678\/tonelada no de maio\/25.<\/p>\n<p>\n<strong>Mercado Interno<\/strong><\/p>\n<p>No mercado f\u00edsico brasileiro os pre\u00e7os tamb\u00e9m encerram a quinta-feira (21) com fortes altas nas regi\u00f5es acompanhadas pelo Not\u00edcias Agr\u00edcolas.\u00a0<\/p>\n<p>O Caf\u00e9 Ar\u00e1bica Tipo 6 termina o dia com alta de 14,37% em Po\u00e7os de Caldas\/MG no valor de R$ 1.990,00\/saca, em Esp\u00edrito Santo do Pinhal\/SP registra um aumento de 7,53% no valor de R$ 2.000,00\/saca, em Franca\/SP uma alta de 5,26% no valor de R$ 2.000,00\/saca, e em Guaxup\u00e9\/MG um aumento de 4,40%<br \/>no valor de R$ 1.900,00\/saca.<\/p>\n<p>O Cereja Descascado registra a valoriza\u00e7\u00e3o de 13,51% no valor de R$ 2.100,00\/saca em Po\u00e7os de Caldas\/MG, uma alta de 4,53% no valor de R$ 1.845,00\/saca em Campos Gerais\/MG,\u00a0e um aumento de 4,23% no valor de R$ 1.972,00\/saca em Guaxup\u00e9\/MG.\u00a0<\/p>\n<\/p><\/div>\n<p><script async defer src=\"https:\/\/connect.facebook.net\/en_US\/sdk.js\" type=\"19eaa3154368676f0f0bf4dc-text\/javascript\"><\/script><script type=\"19eaa3154368676f0f0bf4dc-text\/javascript\">\n  !function(f,b,e,v,n,t,s)\n  {if(f.fbq)return;n=f.fbq=function(){n.callMethod?\n    n.callMethod.apply(n,arguments):n.queue.push(arguments)};\n    if(!f._fbq)f._fbq=n;n.push=n;n.loaded=!0;n.version='2.0';\n    n.queue=[];t=b.createElement(e);t.async=!0;\n    t.src=v;s=b.getElementsByTagName(e)[0];\n    s.parentNode.insertBefore(t,s)}(window, document,'script',\n    'https:\/\/connect.facebook.net\/en_US\/fbevents.js');\n  fbq('init', '153495679422335');\n  fbq('track', 'PageView');\n<\/script><br \/>\n<br \/><br \/>\n<br \/><a href=\"https:\/\/www.noticiasagricolas.com.br\/noticias\/cafe\/389168-mercado-cafeeiro-fecha-sessao-desta-5-feira-21-com-fortes-ganhos-em-ny-e-queda-na-bolsa-de-londres.html\">Source link <\/a><\/p>\n","protected":false},"excerpt":{"rendered":"<p>O mercado cafeeiro encerra o preg\u00e3o desta quinta-feira (21) com pre\u00e7os mistos nas bolsas internacionais. O ar\u00e1bica registra o avan\u00e7o<\/p>\n","protected":false},"author":1,"featured_media":6226,"comment_status":"open","ping_status":"open","sticky":false,"template":"","format":"standard","meta":{"_monsterinsights_skip_tracking":false,"_monsterinsights_sitenote_active":false,"_monsterinsights_sitenote_note":"","_monsterinsights_sitenote_category":0,"_uf_show_specific_survey":0,"_uf_disable_surveys":false,"footnotes":""},"categories":[8,1,14,16],"tags":[],"class_list":["post-6225","post","type-post","status-publish","format-standard","has-post-thumbnail","hentry","category-agro","category-news","category-politica-agro","category-safra"],"_links":{"self":[{"href":"https:\/\/agromt.news\/index.php?rest_route=\/wp\/v2\/posts\/6225"}],"collection":[{"href":"https:\/\/agromt.news\/index.php?rest_route=\/wp\/v2\/posts"}],"about":[{"href":"https:\/\/agromt.news\/index.php?rest_route=\/wp\/v2\/types\/post"}],"author":[{"embeddable":true,"href":"https:\/\/agromt.news\/index.php?rest_route=\/wp\/v2\/users\/1"}],"replies":[{"embeddable":true,"href":"https:\/\/agromt.news\/index.php?rest_route=%2Fwp%2Fv2%2Fcomments&post=6225"}],"version-history":[{"count":0,"href":"https:\/\/agromt.news\/index.php?rest_route=\/wp\/v2\/posts\/6225\/revisions"}],"wp:featuredmedia":[{"embeddable":true,"href":"https:\/\/agromt.news\/index.php?rest_route=\/wp\/v2\/media\/6226"}],"wp:attachment":[{"href":"https:\/\/agromt.news\/index.php?rest_route=%2Fwp%2Fv2%2Fmedia&parent=6225"}],"wp:term":[{"taxonomy":"category","embeddable":true,"href":"https:\/\/agromt.news\/index.php?rest_route=%2Fwp%2Fv2%2Fcategories&post=6225"},{"taxonomy":"post_tag","embeddable":true,"href":"https:\/\/agromt.news\/index.php?rest_route=%2Fwp%2Fv2%2Ftags&post=6225"}],"curies":[{"name":"wp","href":"https:\/\/api.w.org\/{rel}","templated":true}]}}