{"id":6222,"date":"2024-12-07T08:20:35","date_gmt":"2024-12-07T12:20:35","guid":{"rendered":"https:\/\/agromt.news\/?p=6222"},"modified":"2024-12-07T08:20:35","modified_gmt":"2024-12-07T12:20:35","slug":"precos-do-trigo-enfrentam-pressao-baixista-com-colheita-praticamente-encerrada","status":"publish","type":"post","link":"https:\/\/agromt.news\/?p=6222","title":{"rendered":"Pre\u00e7os do trigo enfrentam press\u00e3o baixista com colheita praticamente encerrada"},"content":{"rendered":"<p> <br \/>\n<\/p>\n<div>\n<p style=\"text-align:justify\">Segundo a an\u00e1lise semanal da Central Internacional de An\u00e1lises Econ\u00f4micas e de Estudos de Mercado Agropecu\u00e1rio (Ceema), divulgada nesta quinta-feira (05), os\u00a0pre\u00e7os do <a href=\"https:\/\/www.agrolink.com.br\/culturas\/trigo\/?utm_source=agrolink-detalhe-noticia&amp;utm_medium=detalhe-noticia&amp;utm_campaign=links-internos\" target=\"_blank\" rel=\"noopener\">trigo<\/a>\u00a0continuam sofrendo press\u00e3o baixista \u00e0 medida que a colheita da safra 2024 se aproxima do encerramento no Brasil.&#13;\n<\/p>\n<p style=\"text-align:justify\">No Rio Grande do Sul, o pre\u00e7o m\u00e9dio do saco de trigo de qualidade superior fechou a semana em R$ 66,29, registrando leve alta em rela\u00e7\u00e3o aos R$ 62,92 praticados no mesmo per\u00edodo do ano passado. J\u00e1 no Paran\u00e1, os valores ca\u00edram para uma faixa entre R$ 72,00 e R$ 73,00 por saco, em compara\u00e7\u00e3o aos R$ 69,00 registrados em 2023. Esses n\u00fameros apontam que, enquanto os pre\u00e7os no Rio Grande do Sul superam marginalmente a infla\u00e7\u00e3o oficial, no Paran\u00e1 h\u00e1 varia\u00e7\u00f5es que v\u00e3o desde perdas reais at\u00e9 pequenos ganhos de 1%.<\/p>\n<p style=\"text-align:justify\">De acordo com o Cepea (Esalq), em novembro, a m\u00e9dia do pre\u00e7o do trigo no Rio Grande do Sul foi de R$ 1.265,61 por tonelada (FOB), representando uma queda de 1,1% em rela\u00e7\u00e3o a outubro e de 0,3% em rela\u00e7\u00e3o a novembro de 2023, considerando os valores deflacionados pelo IGP-DI. No Paran\u00e1, a m\u00e9dia se manteve est\u00e1vel em compara\u00e7\u00e3o ao m\u00eas anterior, em R$ 1.429,98 por tonelada, mas ficou 7,4% superior ao mesmo per\u00edodo de 2023, conforme informou a Ceema.&#13;\n<\/p>\n<p style=\"text-align:justify\">Em S\u00e3o Paulo, os pre\u00e7os apresentaram altas mais expressivas, com m\u00e9dias de R$ 1.584,73 por tonelada, subindo 3,2% em rela\u00e7\u00e3o a outubro e 23,6% em compara\u00e7\u00e3o ao ano passado. J\u00e1 em Santa Catarina, o valor m\u00e9dio foi de R$ 1.426,82 por tonelada, marcando uma queda de 1,5% frente a outubro, mas alta de 2,6% em rela\u00e7\u00e3o a novembro de 2023.<\/p>\n<\/p><\/div>\n<p><script data-cfasync=\"false\">\n    !function (f, b, e, v, n, t, s) {\n        if (f.fbq) return; n = f.fbq = function () {\n            n.callMethod ?\n                n.callMethod.apply(n, arguments) : n.queue.push(arguments)\n        };\n        if (!f._fbq) f._fbq = n; n.push = n; n.loaded = !0; n.version = '2.0';\n        n.queue = []; t = b.createElement(e); t.async = !0;\n        t.src = v; s = b.getElementsByTagName(e)[0];\n        s.parentNode.insertBefore(t, s)\n    }(window, document, 'script',\n        'https:\/\/connect.facebook.net\/en_US\/fbevents.js');\n    fbq('init', '522546078623747');\n    fbq('track', 'PageView');\n<\/script><br \/>\n<br \/><br \/>\n<br \/><a href=\"https:\/\/www.agrolink.com.br\/noticias\/precos-do-trigo-enfrentam-pressao-baixista-com-colheita-praticamente-encerrada_497454.html\">Source link <\/a><\/p>\n","protected":false},"excerpt":{"rendered":"<p>Segundo a an\u00e1lise semanal da Central Internacional de An\u00e1lises Econ\u00f4micas e de Estudos de Mercado Agropecu\u00e1rio (Ceema), divulgada nesta quinta-feira<\/p>\n","protected":false},"author":1,"featured_media":838,"comment_status":"open","ping_status":"open","sticky":false,"template":"","format":"standard","meta":{"_monsterinsights_skip_tracking":false,"_monsterinsights_sitenote_active":false,"_monsterinsights_sitenote_note":"","_monsterinsights_sitenote_category":0,"_uf_show_specific_survey":0,"_uf_disable_surveys":false,"footnotes":""},"categories":[8,1,14],"tags":[],"class_list":["post-6222","post","type-post","status-publish","format-standard","has-post-thumbnail","hentry","category-agro","category-news","category-politica-agro"],"_links":{"self":[{"href":"https:\/\/agromt.news\/index.php?rest_route=\/wp\/v2\/posts\/6222"}],"collection":[{"href":"https:\/\/agromt.news\/index.php?rest_route=\/wp\/v2\/posts"}],"about":[{"href":"https:\/\/agromt.news\/index.php?rest_route=\/wp\/v2\/types\/post"}],"author":[{"embeddable":true,"href":"https:\/\/agromt.news\/index.php?rest_route=\/wp\/v2\/users\/1"}],"replies":[{"embeddable":true,"href":"https:\/\/agromt.news\/index.php?rest_route=%2Fwp%2Fv2%2Fcomments&post=6222"}],"version-history":[{"count":0,"href":"https:\/\/agromt.news\/index.php?rest_route=\/wp\/v2\/posts\/6222\/revisions"}],"wp:featuredmedia":[{"embeddable":true,"href":"https:\/\/agromt.news\/index.php?rest_route=\/wp\/v2\/media\/838"}],"wp:attachment":[{"href":"https:\/\/agromt.news\/index.php?rest_route=%2Fwp%2Fv2%2Fmedia&parent=6222"}],"wp:term":[{"taxonomy":"category","embeddable":true,"href":"https:\/\/agromt.news\/index.php?rest_route=%2Fwp%2Fv2%2Fcategories&post=6222"},{"taxonomy":"post_tag","embeddable":true,"href":"https:\/\/agromt.news\/index.php?rest_route=%2Fwp%2Fv2%2Ftags&post=6222"}],"curies":[{"name":"wp","href":"https:\/\/api.w.org\/{rel}","templated":true}]}}