{"id":6220,"date":"2024-12-07T06:12:21","date_gmt":"2024-12-07T10:12:21","guid":{"rendered":"https:\/\/agromt.news\/?p=6220"},"modified":"2024-12-07T06:12:21","modified_gmt":"2024-12-07T10:12:21","slug":"frente-fria-espalha-chuva-em-duas-regioes-brasileiras-veja-a-previsao-de-hoje","status":"publish","type":"post","link":"https:\/\/agromt.news\/?p=6220","title":{"rendered":"Frente fria espalha chuva em duas regi\u00f5es brasileiras; veja a previs\u00e3o de hoje"},"content":{"rendered":"<p> <br \/>\n<br \/><img decoding=\"async\" src=\"https:\/\/agromt.news\/wp-content\/uploads\/2024\/12\/Frente-fria-espalha-chuva-em-duas-regioes-brasileiras-veja-a.jpg\" \/><\/p>\n<div>\n<p>O primeiro s\u00e1bado de dezembro ser\u00e1 marcado pela chegada de uma frente fria que deve expandir a chuva em duas regi\u00f5es brasileiras: Sul e Centro-Oeste. Contudo, precipita\u00e7\u00f5es tamb\u00e9m atingem estados de outras \u00e1reas. Veja a previs\u00e3o completa:<\/p>\n<h2 class=\"wp-block-heading\" id=\"h-sul\">Sul<\/h2>\n<p>A chegada de uma frente fria trar\u00e1 chuva aos tr\u00eas estados da Regi\u00e3o. O dia ser\u00e1 inst\u00e1vel, com previs\u00e3o de chuva frequente e forte intensidade. H\u00e1 risco de temporais localizados e acumulados elevados, especialmente no <strong><a href=\"https:\/\/www.canalrural.com.br\/nacional\/rio-grande-do-sul\/\">Rio Grande do Sul<\/a><\/strong> e em Santa Catarina. No extremo sul ga\u00facho, tempo firme, mas com muita nebulosidade.<\/p>\n<h2 class=\"wp-block-heading\" id=\"h-sudeste\">Sudeste<\/h2>\n<p>O fim de semana come\u00e7a com sol predominando em Minas Gerais, Esp\u00edrito Santo e Rio de Janeiro. N\u00e3o h\u00e1 previs\u00e3o de chuva nessas \u00e1reas. Em S\u00e3o Paulo, o tempo ser\u00e1 firme em Ribeir\u00e3o Preto, Campinas, Vale do Para\u00edba e litoral norte. Nas demais \u00e1reas, incluindo a Grande S\u00e3o Paulo, h\u00e1 chance de pancadas de chuva \u00e0 tarde, mas sem risco de temporais.<\/p>\n<\/div>\n<div>\n<h2 class=\"wp-block-heading\" id=\"h-centro-oeste\">Centro-Oeste<\/h2>\n<p>O s\u00e1bado ser\u00e1 quente e seco em Goi\u00e1s, no leste de Mato Grosso e no nordeste de Mato Grosso do Sul. J\u00e1 na metade oeste mato-grossense e em grande parte do sul-mato-grossense, a frente fria provocar\u00e1 chuva e tempo abafado.<\/p>\n<h2 class=\"wp-block-heading\" id=\"h-nordeste\">Nordeste<\/h2>\n<p>As instabilidades ficam concentradas no litoral, com chuva passageira de S\u00e3o Lu\u00eds (MA) a Salvador (BA). Entretanto, no interior, o sol predomina, e as temperaturas chegam a 38\u00b0C.<\/p>\n<h2 class=\"wp-block-heading\" id=\"h-norte\">Norte<\/h2>\n<p>Dia quente abafado, com pancadas de chuva fortes \u00e0 tarde no Acre, em Rond\u00f4nia, no Amazonas e no interior de Roraima e Amap\u00e1. No norte do Amap\u00e1, a Zona de Converg\u00eancia Intertropical (ZCIT) intensifica as chuvas. Por\u00e9m, nas demais \u00e1reas, o tempo ser\u00e1 ensolarado e muito quente.<\/p>\n<\/p><\/div>\n<p><br \/>\n<br \/><a href=\"https:\/\/www.canalrural.com.br\/tempo\/frente-fria-espalha-chuva-em-duas-regioes-brasileiras-veja-a-previsao-de-hoje\/\">Source link <\/a><\/p>\n","protected":false},"excerpt":{"rendered":"<p>O primeiro s\u00e1bado de dezembro ser\u00e1 marcado pela chegada de uma frente fria que deve expandir a chuva em duas<\/p>\n","protected":false},"author":1,"featured_media":6221,"comment_status":"open","ping_status":"open","sticky":false,"template":"","format":"standard","meta":{"_monsterinsights_skip_tracking":false,"_monsterinsights_sitenote_active":false,"_monsterinsights_sitenote_note":"","_monsterinsights_sitenote_category":0,"_uf_show_specific_survey":0,"_uf_disable_surveys":false,"footnotes":""},"categories":[1],"tags":[],"class_list":["post-6220","post","type-post","status-publish","format-standard","has-post-thumbnail","hentry","category-news"],"_links":{"self":[{"href":"https:\/\/agromt.news\/index.php?rest_route=\/wp\/v2\/posts\/6220"}],"collection":[{"href":"https:\/\/agromt.news\/index.php?rest_route=\/wp\/v2\/posts"}],"about":[{"href":"https:\/\/agromt.news\/index.php?rest_route=\/wp\/v2\/types\/post"}],"author":[{"embeddable":true,"href":"https:\/\/agromt.news\/index.php?rest_route=\/wp\/v2\/users\/1"}],"replies":[{"embeddable":true,"href":"https:\/\/agromt.news\/index.php?rest_route=%2Fwp%2Fv2%2Fcomments&post=6220"}],"version-history":[{"count":0,"href":"https:\/\/agromt.news\/index.php?rest_route=\/wp\/v2\/posts\/6220\/revisions"}],"wp:featuredmedia":[{"embeddable":true,"href":"https:\/\/agromt.news\/index.php?rest_route=\/wp\/v2\/media\/6221"}],"wp:attachment":[{"href":"https:\/\/agromt.news\/index.php?rest_route=%2Fwp%2Fv2%2Fmedia&parent=6220"}],"wp:term":[{"taxonomy":"category","embeddable":true,"href":"https:\/\/agromt.news\/index.php?rest_route=%2Fwp%2Fv2%2Fcategories&post=6220"},{"taxonomy":"post_tag","embeddable":true,"href":"https:\/\/agromt.news\/index.php?rest_route=%2Fwp%2Fv2%2Ftags&post=6220"}],"curies":[{"name":"wp","href":"https:\/\/api.w.org\/{rel}","templated":true}]}}