{"id":6128,"date":"2024-12-05T20:39:55","date_gmt":"2024-12-06T00:39:55","guid":{"rendered":"https:\/\/agromt.news\/?p=6128"},"modified":"2024-12-05T20:39:55","modified_gmt":"2024-12-06T00:39:55","slug":"quais-as-vantagens-ao-agro-brasileiro-no-acordo-entre-mercosul-e-uniao-europeia","status":"publish","type":"post","link":"https:\/\/agromt.news\/?p=6128","title":{"rendered":"Quais as vantagens ao agro brasileiro no acordo entre Mercosul e Uni\u00e3o Europeia?"},"content":{"rendered":"<p> <br \/>\n<br \/><img decoding=\"async\" src=\"https:\/\/agromt.news\/wp-content\/uploads\/2024\/12\/Quais-as-vantagens-ao-agro-brasileiro-no-acordo-entre-Mercosul.jpg\" \/><\/p>\n<div>\n<p>As negocia\u00e7\u00f5es para o acordo Mercosul-Uni\u00e3o Europeia j\u00e1 duram mais de duas d\u00e9cadas. No entanto, agora, existem claros sinais de que o tratado comercial entre os blocos, que prev\u00ea redu\u00e7\u00e3o de tarifas comerciais e acesso privilegiado de commodities entre os pa\u00edses dos dois continentes, est\u00e1 prestes a ser assinado.<\/p>\n<p>Isso porque a presidente da Comiss\u00e3o Europeia, Ursula Von der Leyen, chegou em Montevid\u00e9u, no Uruguai, nesta quinta-feira (5), onde participar\u00e1 de reuni\u00e3o que deve anunciar a conclus\u00e3o do do tratado comercial entre as duas regi\u00f5es.<\/p>\n<figure class=\"wp-block-embed is-type-video is-provider-youtube wp-block-embed-youtube wp-embed-aspect-16-9 wp-has-aspect-ratio\">\n<p>\n<iframe title=\"Mercosul x Uni\u00e3o Europeia: quais as vantagens e desvantagens do acordo para o Brasil?\" width=\"800\" height=\"450\" src=\"https:\/\/www.youtube.com\/embed\/M49jwLIhUCg?feature=oembed\" frameborder=\"0\" allow=\"accelerometer; autoplay; clipboard-write; encrypted-media; gyroscope; picture-in-picture; web-share\" referrerpolicy=\"strict-origin-when-cross-origin\" allowfullscreen><\/iframe><noscript><iframe title=\"Mercosul x Uni\u00e3o Europeia: quais as vantagens e desvantagens do acordo para o Brasil?\" width=\"800\" height=\"450\" src=\"https:\/\/www.youtube.com\/embed\/M49jwLIhUCg?feature=oembed\" frameborder=\"0\" allow=\"accelerometer; autoplay; clipboard-write; encrypted-media; gyroscope; picture-in-picture; web-share\" referrerpolicy=\"strict-origin-when-cross-origin\" allowfullscreen><\/iframe><\/noscript>\n<\/p>\n<\/figure>\n<p>De acordo com o s\u00f3cio-diretor da Agroicone Rodrigo Lima, \u00e9 importante lembrar que em acordos comerciais entre pa\u00edses, h\u00e1 sempre o ganhar e perder, visto que as na\u00e7\u00f5es precisam abreir concess\u00f5es. <\/p>\n<\/div>\n<div>\n<p>\u201cA agropecu\u00e1ria do Mercosul, por exemplo, conquistou algumas cotas preferenciais de acesso ao mercado europeu. Em rela\u00e7\u00e3o \u00e0 carne bovina, essa cota \u00e9 de 99 mil toneladas, sendo o Brasil respons\u00e1vel por 28.5 mil toneladas dessa cota\u201d, afirma.<\/p>\n<p>Lima lembra que esse volume, diante das 2,2 milh\u00f5es de toneladas da prote\u00edna animal que o Brasil embarcou ao mundo em 2023, \u00e9 irrelevante. \u201cContudo, se trata de acesso preferencial ao mercado europeu, de carne de alta qualidade, ou seja, n\u00e3o \u00e9 necessariamente o volume ou o valor de carne que servir\u00e1 como grande diferencial para as exporta\u00e7\u00f5es agr\u00edcolas brasileiras, mas sim o acesso facilitado e preferencial a esse mercado\u201d.<\/p>\n<p>Al\u00e9m disso, o s\u00f3cio-diretor da Agroicone destaca que a rela\u00e7\u00e3o direta com os europeus servir\u00e1, tamb\u00e9m, para a solu\u00e7\u00e3o de eventuais problemas sanit\u00e1rios, fitossanit\u00e1rios e ambientais entre as partes, estabelecendo um canal de negocia\u00e7\u00f5es direto sem a necessidade de intermedia\u00e7\u00e3o da Organiza\u00e7\u00e3o Mundial do Com\u00e9rcio (OMC).<\/p>\n<p>Para ele, ainda que o protecionismo europeu seja intenso, <strong><a href=\"https:\/\/www.canalrural.com.br\/economia\/franca-reage-ao-acordo-mercosul-ue-defenderemos-nossa-soberania-agricola\/\">capitaneado, principalmente, pela Fran\u00e7a<\/a><\/strong>, o maior problema a UE \u00e9 o com\u00e9rdio intrabloco, entre os pa\u00edses que comp\u00f5em o bloco, visto que, no caso da carne, s\u00f3 importam de outros lugares do globo cerca de 5% do que consomem. <\/p>\n<\/p><\/div>\n<p><br \/>\n<br \/><a href=\"https:\/\/www.canalrural.com.br\/economia\/quais-as-vantagens-ao-agro-brasileiro-no-acordo-entre-mercosul-e-uniao-europeia\/\">Source link <\/a><\/p>\n","protected":false},"excerpt":{"rendered":"<p>As negocia\u00e7\u00f5es para o acordo Mercosul-Uni\u00e3o Europeia j\u00e1 duram mais de duas d\u00e9cadas. No entanto, agora, existem claros sinais de<\/p>\n","protected":false},"author":1,"featured_media":6129,"comment_status":"open","ping_status":"open","sticky":false,"template":"","format":"standard","meta":{"_monsterinsights_skip_tracking":false,"_monsterinsights_sitenote_active":false,"_monsterinsights_sitenote_note":"","_monsterinsights_sitenote_category":0,"_uf_show_specific_survey":0,"_uf_disable_surveys":false,"footnotes":""},"categories":[1],"tags":[],"class_list":["post-6128","post","type-post","status-publish","format-standard","has-post-thumbnail","hentry","category-news"],"_links":{"self":[{"href":"https:\/\/agromt.news\/index.php?rest_route=\/wp\/v2\/posts\/6128"}],"collection":[{"href":"https:\/\/agromt.news\/index.php?rest_route=\/wp\/v2\/posts"}],"about":[{"href":"https:\/\/agromt.news\/index.php?rest_route=\/wp\/v2\/types\/post"}],"author":[{"embeddable":true,"href":"https:\/\/agromt.news\/index.php?rest_route=\/wp\/v2\/users\/1"}],"replies":[{"embeddable":true,"href":"https:\/\/agromt.news\/index.php?rest_route=%2Fwp%2Fv2%2Fcomments&post=6128"}],"version-history":[{"count":0,"href":"https:\/\/agromt.news\/index.php?rest_route=\/wp\/v2\/posts\/6128\/revisions"}],"wp:featuredmedia":[{"embeddable":true,"href":"https:\/\/agromt.news\/index.php?rest_route=\/wp\/v2\/media\/6129"}],"wp:attachment":[{"href":"https:\/\/agromt.news\/index.php?rest_route=%2Fwp%2Fv2%2Fmedia&parent=6128"}],"wp:term":[{"taxonomy":"category","embeddable":true,"href":"https:\/\/agromt.news\/index.php?rest_route=%2Fwp%2Fv2%2Fcategories&post=6128"},{"taxonomy":"post_tag","embeddable":true,"href":"https:\/\/agromt.news\/index.php?rest_route=%2Fwp%2Fv2%2Ftags&post=6128"}],"curies":[{"name":"wp","href":"https:\/\/api.w.org\/{rel}","templated":true}]}}