{"id":6125,"date":"2024-12-05T19:15:18","date_gmt":"2024-12-05T23:15:18","guid":{"rendered":"https:\/\/agromt.news\/?p=6125"},"modified":"2024-12-05T19:15:18","modified_gmt":"2024-12-05T23:15:18","slug":"inaceitavel-diz-presidente-da-franca-sobre-proposta-de-acordo-da-ue-com-mercosul","status":"publish","type":"post","link":"https:\/\/agromt.news\/?p=6125","title":{"rendered":"&#8216;Inaceit\u00e1vel&#8217;, diz presidente da Fran\u00e7a sobre proposta de acordo da UE com Mercosul"},"content":{"rendered":"<p> <br \/>\n<\/p>\n<div>\n<p>O governo do presidente da Fran\u00e7a, Emmanuel Macron, reiterou que o projeto de acordo entre a Uni\u00e3o Europeia e o <strong><a href=\"http:\/\/www.canalrural.com.br\/tag\/mercosul\/\">Mercosul <\/a><\/strong>\u00e9 inaceit\u00e1vel. <\/p>\n<p>\u201cContinuaremos a defender incansavelmente a nossa soberania agr\u00edcola\u201d, diz o registro na rede social X.<\/p>\n<figure class=\"wp-block-image size-full\"><img fetchpriority=\"high\" decoding=\"async\" width=\"595\" height=\"350\" alt=\"\" class=\"wp-image-4079041\"  data-lazy- src=\"https:\/\/agromt.news\/wp-content\/uploads\/2024\/12\/Inaceitavel-diz-presidente-da-Franca-sobre-proposta-de-acordo-da.png\"\/><img decoding=\"async\" width=\"595\" height=\"350\" src=\"https:\/\/agromt.news\/wp-content\/uploads\/2024\/12\/Inaceitavel-diz-presidente-da-Franca-sobre-proposta-de-acordo-da.png\" alt=\"\" class=\"wp-image-4079041\"  \/><\/figure>\n<\/div>\n<div>\n<p>A Fran\u00e7a volta a marcar sua posi\u00e7\u00e3o em rela\u00e7\u00e3o ao tratado no momento em que os dois blocos econ\u00f4micos estariam pr\u00f3ximos de fechar o acordo.<\/p>\n<p>A presidente da Comiss\u00e3o Europeia, Ursula Von der Leyen, participar\u00e1 da reuni\u00e3o dos pa\u00edses do Mercosul nesta sexta-feira (6), em Montevid\u00e9u, em uma viagem vista como um sinal de que o bloco e Mercosul pretendem anunciar a conclus\u00e3o do acordo de com\u00e9rcio entre as duas regi\u00f5es.<\/p>\n<\/p><\/div>\n<p><br \/>\n<br \/><a href=\"https:\/\/www.canalrural.com.br\/economia\/inaceitavel-diz-presidente-da-franca-sobre-proposta-de-acordo-da-ue-com-mercosul\/\">Source link <\/a><\/p>\n","protected":false},"excerpt":{"rendered":"<p>O governo do presidente da Fran\u00e7a, Emmanuel Macron, reiterou que o projeto de acordo entre a Uni\u00e3o Europeia e o<\/p>\n","protected":false},"author":1,"featured_media":5674,"comment_status":"open","ping_status":"open","sticky":false,"template":"","format":"standard","meta":{"_monsterinsights_skip_tracking":false,"_monsterinsights_sitenote_active":false,"_monsterinsights_sitenote_note":"","_monsterinsights_sitenote_category":0,"_uf_show_specific_survey":0,"_uf_disable_surveys":false,"footnotes":""},"categories":[1],"tags":[],"class_list":["post-6125","post","type-post","status-publish","format-standard","has-post-thumbnail","hentry","category-news"],"_links":{"self":[{"href":"https:\/\/agromt.news\/index.php?rest_route=\/wp\/v2\/posts\/6125"}],"collection":[{"href":"https:\/\/agromt.news\/index.php?rest_route=\/wp\/v2\/posts"}],"about":[{"href":"https:\/\/agromt.news\/index.php?rest_route=\/wp\/v2\/types\/post"}],"author":[{"embeddable":true,"href":"https:\/\/agromt.news\/index.php?rest_route=\/wp\/v2\/users\/1"}],"replies":[{"embeddable":true,"href":"https:\/\/agromt.news\/index.php?rest_route=%2Fwp%2Fv2%2Fcomments&post=6125"}],"version-history":[{"count":0,"href":"https:\/\/agromt.news\/index.php?rest_route=\/wp\/v2\/posts\/6125\/revisions"}],"wp:featuredmedia":[{"embeddable":true,"href":"https:\/\/agromt.news\/index.php?rest_route=\/wp\/v2\/media\/5674"}],"wp:attachment":[{"href":"https:\/\/agromt.news\/index.php?rest_route=%2Fwp%2Fv2%2Fmedia&parent=6125"}],"wp:term":[{"taxonomy":"category","embeddable":true,"href":"https:\/\/agromt.news\/index.php?rest_route=%2Fwp%2Fv2%2Fcategories&post=6125"},{"taxonomy":"post_tag","embeddable":true,"href":"https:\/\/agromt.news\/index.php?rest_route=%2Fwp%2Fv2%2Ftags&post=6125"}],"curies":[{"name":"wp","href":"https:\/\/api.w.org\/{rel}","templated":true}]}}