{"id":6117,"date":"2024-12-05T17:30:05","date_gmt":"2024-12-05T21:30:05","guid":{"rendered":"https:\/\/agromt.news\/?p=6117"},"modified":"2024-12-05T17:30:05","modified_gmt":"2024-12-05T21:30:05","slug":"franca-reage-ao-acordo-mercosul-ue-defenderemos-nossa-soberania-agricola","status":"publish","type":"post","link":"https:\/\/agromt.news\/?p=6117","title":{"rendered":"Fran\u00e7a reage ao acordo Mercosul-UE: &#8216;defenderemos nossa soberania agr\u00edcola&#8217;"},"content":{"rendered":"<p> <br \/>\n<br \/><img decoding=\"async\" src=\"https:\/\/agromt.news\/wp-content\/uploads\/2024\/12\/Franca-reage-ao-acordo-Mercosul-UE-defenderemos-nossa-soberania-agricola.jpg\" \/><\/p>\n<div>\n<p>O governo do presidente da Fran\u00e7a, <strong><a href=\"https:\/\/www.canalrural.com.br\/internacional\/macron-reforca-que-franca-nao-vai-assinar-acordo-mercosul-ue-defender-nossa-agricultura\/\">Emmanuel Macron<\/a><\/strong>, reiterou que o projeto de acordo entre a Uni\u00e3o Europeia e o Mercosul \u00e9 inaceit\u00e1vel. \u201cContinuaremos a defender incansavelmente a nossa soberania agr\u00edcola\u201d, diz o registro na rede social X.<\/p>\n<p>A presidente da Comiss\u00e3o Europeia, Ursula Von der Leyen, chegou em Montevid\u00e9u, no Uruguai, nesta quinta-feira, onde participar\u00e1 da reuni\u00e3o dos pa\u00edses do Mercosul na sexta (6), em uma viagem vista como um sinal de que o bloco e o Mercosul pretendem anunciar a conclus\u00e3o do acordo de com\u00e9rcio entre as duas regi\u00f5es.<\/p>\n<p>Em postagem, o vice-presidente do Brasil, Geraldo Alckimin, deu \u00e0s boas-vindas a ela, afirmando que \u201co Mercosul e a Uni\u00e3o Europeia nunca estiveram t\u00e3o pr\u00f3ximos. A integra\u00e7\u00e3o dos nossos mercados e a reafirma\u00e7\u00e3o dos nossos compromissos democr\u00e1ticos nos levar\u00e3o mais longe juntos\u201d.<\/p>\n<\/div>\n<div>\n<figure class=\"wp-block-embed is-type-rich is-provider-twitter wp-block-embed-twitter\">\n<div class=\"wp-block-embed__wrapper\">\n<blockquote class=\"twitter-tweet\" data-width=\"500\" data-dnt=\"true\">\n<p lang=\"en\" dir=\"ltr\">Welcome, President <a href=\"https:\/\/twitter.com\/vonderleyen?ref_src=twsrc%5Etfw\">@vonderleyen<\/a>!<\/p>\n<p>Mercosur and the European Union have never been so close.<\/p>\n<p>Our markets integration and the reaffirmation of our democratic commitments will take us further together! \ud83c\udde7\ud83c\uddf7 \ud83c\uddea\ud83c\uddfa <a href=\"https:\/\/t.co\/Q26ryIunq2\">https:\/\/t.co\/Q26ryIunq2<\/a><\/p>\n<p>\u2014 Geraldo Alckmin \ud83c\udde7\ud83c\uddf7 (@geraldoalckmin) <a href=\"https:\/\/twitter.com\/geraldoalckmin\/status\/1864673625355227459?ref_src=twsrc%5Etfw\">December 5, 2024<\/a><\/p><\/blockquote>\n<\/div>\n<\/figure>\n<p>Vale lembrar que a oposi\u00e7\u00e3o da Fran\u00e7a ao acordo n\u00e3o tem o poder de cancelar as negocia\u00e7\u00f5es. <\/p>\n<p>Isso acontece porque a Comiss\u00e3o Europeia, bra\u00e7o executivo da Uni\u00e3o Europeia, com sede em Bruxelas, na B\u00e9lgica, tem autonomia para ratificar o tratado, visto que possui mandato dos pa\u00edses-membros.<\/p>\n<p>Al\u00e9m disso, outros pa\u00edses do bloco europeu, como Alemanha, Espanha e It\u00e1lia s\u00e3o declaradamente favor\u00e1veis ao acordo.<\/p>\n<\/p><\/div>\n<p><script async src=\"\/\/platform.twitter.com\/widgets.js\" charset=\"utf-8\"><\/script><br \/>\n<br \/><br \/>\n<br \/><a href=\"https:\/\/www.canalrural.com.br\/economia\/franca-reage-ao-acordo-mercosul-ue-defenderemos-nossa-soberania-agricola\/\">Source link <\/a><\/p>\n","protected":false},"excerpt":{"rendered":"<p>O governo do presidente da Fran\u00e7a, Emmanuel Macron, reiterou que o projeto de acordo entre a Uni\u00e3o Europeia e o<\/p>\n","protected":false},"author":1,"featured_media":6118,"comment_status":"open","ping_status":"open","sticky":false,"template":"","format":"standard","meta":{"_monsterinsights_skip_tracking":false,"_monsterinsights_sitenote_active":false,"_monsterinsights_sitenote_note":"","_monsterinsights_sitenote_category":0,"_uf_show_specific_survey":0,"_uf_disable_surveys":false,"footnotes":""},"categories":[1],"tags":[],"class_list":["post-6117","post","type-post","status-publish","format-standard","has-post-thumbnail","hentry","category-news"],"_links":{"self":[{"href":"https:\/\/agromt.news\/index.php?rest_route=\/wp\/v2\/posts\/6117"}],"collection":[{"href":"https:\/\/agromt.news\/index.php?rest_route=\/wp\/v2\/posts"}],"about":[{"href":"https:\/\/agromt.news\/index.php?rest_route=\/wp\/v2\/types\/post"}],"author":[{"embeddable":true,"href":"https:\/\/agromt.news\/index.php?rest_route=\/wp\/v2\/users\/1"}],"replies":[{"embeddable":true,"href":"https:\/\/agromt.news\/index.php?rest_route=%2Fwp%2Fv2%2Fcomments&post=6117"}],"version-history":[{"count":0,"href":"https:\/\/agromt.news\/index.php?rest_route=\/wp\/v2\/posts\/6117\/revisions"}],"wp:featuredmedia":[{"embeddable":true,"href":"https:\/\/agromt.news\/index.php?rest_route=\/wp\/v2\/media\/6118"}],"wp:attachment":[{"href":"https:\/\/agromt.news\/index.php?rest_route=%2Fwp%2Fv2%2Fmedia&parent=6117"}],"wp:term":[{"taxonomy":"category","embeddable":true,"href":"https:\/\/agromt.news\/index.php?rest_route=%2Fwp%2Fv2%2Fcategories&post=6117"},{"taxonomy":"post_tag","embeddable":true,"href":"https:\/\/agromt.news\/index.php?rest_route=%2Fwp%2Fv2%2Ftags&post=6117"}],"curies":[{"name":"wp","href":"https:\/\/api.w.org\/{rel}","templated":true}]}}