{"id":6108,"date":"2024-12-05T13:58:40","date_gmt":"2024-12-05T17:58:40","guid":{"rendered":"https:\/\/agromt.news\/?p=6108"},"modified":"2024-12-05T13:58:40","modified_gmt":"2024-12-05T17:58:40","slug":"queimadas-podem-gerar-perdas-de-mais-de-50-dos-canaviais-afetados","status":"publish","type":"post","link":"https:\/\/agromt.news\/?p=6108","title":{"rendered":"queimadas podem gerar perdas de mais de 50% dos canaviais afetados"},"content":{"rendered":"<p> <br \/>\n<\/p>\n<div>\n<p style=\"text-align:justify\">As temperaturas extremas e as mudan\u00e7as clim\u00e1ticas t\u00eam gerado preocupa\u00e7\u00e3o entre agr\u00f4nomos e agricultores, especialmente no setor sucroenerg\u00e9tico, base econ\u00f4mica do estado de S\u00e3o Paulo. Ap\u00f3s um per\u00edodo de estiagem severa e queimadas intensas, a retomada das chuvas trouxe novos desafios aos produtores de <a href=\"https:\/\/www.agrolink.com.br\/culturas\/cana-de-acucar\/?utm_source=agrolink-detalhe-noticia&amp;utm_medium=detalhe-noticia&amp;utm_campaign=links-internos\" target=\"_blank\" rel=\"noopener\">cana-de-a\u00e7\u00facar<\/a>: a recupera\u00e7\u00e3o do solo e a avalia\u00e7\u00e3o da germina\u00e7\u00e3o das soqueiras no in\u00edcio da safra.&#13;\n<\/p>\n<p style=\"text-align:justify\">Pesquisadores da Massari F\u00e9rtil, em parceria com o Instituto Agron\u00f4mico de Campinas (IAC), investigam as causas dos inc\u00eandios e buscam solu\u00e7\u00f5es para restaurar a efici\u00eancia do solo e repor nutrientes perdidos. &#8220;A seca foi t\u00e3o intensa que canaviais novos, de 2\u00ba, 3\u00ba e 4\u00ba cortes, simplesmente n\u00e3o brotaram. Estimamos que teremos uma \u00e1rea representativa de canaviais com mais de 50% de falhas de brota\u00e7\u00e3o, n\u00e3o sendo vi\u00e1veis economicamente o replantio e tratos culturais. Em resumo, perda do canavial\u201d, avalia Cl\u00e1udio Monteiro, qu\u00edmico da Massari.<\/p>\n<p style=\"text-align:justify\">Um dos principais desafios \u00e9 a restaura\u00e7\u00e3o do solo, j\u00e1 que a palha que protegia as plantas foi transformada em cinzas, eliminando nutrientes essenciais. Como alternativa, os especialistas sugerem priorizar o plantio de cana sobre cana utilizando o sistema MEIOSI fase 1 (M\u00e9todo Interrotacional Ocorrendo Simultaneamente), com in\u00edcio previsto para novembro de 2024 e proje\u00e7\u00e3o at\u00e9 abril de 2025.&#13;\n<\/p>\n<p style=\"text-align:justify\">No entanto, Monteiro alerta que o preparo do solo em meio a chuvas intensas pode causar eros\u00e3o. Pr\u00e1ticas sustent\u00e1veis, como o preparo reduzido e a aplica\u00e7\u00e3o de corretivos micronizados, s\u00e3o apontadas como medidas essenciais.\u00a0\u201cEsses produtos s\u00e3o aplicados diretamente na superf\u00edcie e utilizam as chuvas para alcan\u00e7ar e corrigir o perfil completo do solo\u201d, explica.<\/p>\n<p style=\"text-align:justify\">Dados do IAC mostram que, desde 1980, as temperaturas m\u00e1ximas e m\u00ednimas aumentaram mais de 1\u00baC no estado de S\u00e3o Paulo, um cen\u00e1rio que, segundo Monteiro, compromete o desenvolvimento das culturas e a produtividade. \u201cEsse cen\u00e1rio \u00e9 preocupante, pois limita o desenvolvimento das culturas e, consequentemente, a produtividade\u201d, alerta Monteiro.&#13;\n<\/p>\n<p style=\"text-align:justify\">Diante do cen\u00e1rio clim\u00e1tico adverso, o setor sucroenerg\u00e9tico busca solu\u00e7\u00f5es que unam tecnologia, pr\u00e1ticas sustent\u00e1veis e manejo adequado para enfrentar os impactos das mudan\u00e7as clim\u00e1ticas e garantir a produtividade no longo prazo.<\/p>\n<\/p><\/div>\n<p><script data-cfasync=\"false\">\n    !function (f, b, e, v, n, t, s) {\n        if (f.fbq) return; n = f.fbq = function () {\n            n.callMethod ?\n                n.callMethod.apply(n, arguments) : n.queue.push(arguments)\n        };\n        if (!f._fbq) f._fbq = n; n.push = n; n.loaded = !0; n.version = '2.0';\n        n.queue = []; t = b.createElement(e); t.async = !0;\n        t.src = v; s = b.getElementsByTagName(e)[0];\n        s.parentNode.insertBefore(t, s)\n    }(window, document, 'script',\n        'https:\/\/connect.facebook.net\/en_US\/fbevents.js');\n    fbq('init', '522546078623747');\n    fbq('track', 'PageView');\n<\/script><br \/>\n<br \/><br \/>\n<br \/><a href=\"https:\/\/www.agrolink.com.br\/noticias\/acucar--queimadas-podem-gerar-perdas-de-mais-de-50--dos-canaviais-afetados_497369.html\">Source link <\/a><\/p>\n","protected":false},"excerpt":{"rendered":"<p>As temperaturas extremas e as mudan\u00e7as clim\u00e1ticas t\u00eam gerado preocupa\u00e7\u00e3o entre agr\u00f4nomos e agricultores, especialmente no setor sucroenerg\u00e9tico, base econ\u00f4mica<\/p>\n","protected":false},"author":1,"featured_media":4656,"comment_status":"open","ping_status":"open","sticky":false,"template":"","format":"standard","meta":{"_monsterinsights_skip_tracking":false,"_monsterinsights_sitenote_active":false,"_monsterinsights_sitenote_note":"","_monsterinsights_sitenote_category":0,"_uf_show_specific_survey":0,"_uf_disable_surveys":false,"footnotes":""},"categories":[8,1,14],"tags":[],"class_list":["post-6108","post","type-post","status-publish","format-standard","has-post-thumbnail","hentry","category-agro","category-news","category-politica-agro"],"_links":{"self":[{"href":"https:\/\/agromt.news\/index.php?rest_route=\/wp\/v2\/posts\/6108"}],"collection":[{"href":"https:\/\/agromt.news\/index.php?rest_route=\/wp\/v2\/posts"}],"about":[{"href":"https:\/\/agromt.news\/index.php?rest_route=\/wp\/v2\/types\/post"}],"author":[{"embeddable":true,"href":"https:\/\/agromt.news\/index.php?rest_route=\/wp\/v2\/users\/1"}],"replies":[{"embeddable":true,"href":"https:\/\/agromt.news\/index.php?rest_route=%2Fwp%2Fv2%2Fcomments&post=6108"}],"version-history":[{"count":0,"href":"https:\/\/agromt.news\/index.php?rest_route=\/wp\/v2\/posts\/6108\/revisions"}],"wp:featuredmedia":[{"embeddable":true,"href":"https:\/\/agromt.news\/index.php?rest_route=\/wp\/v2\/media\/4656"}],"wp:attachment":[{"href":"https:\/\/agromt.news\/index.php?rest_route=%2Fwp%2Fv2%2Fmedia&parent=6108"}],"wp:term":[{"taxonomy":"category","embeddable":true,"href":"https:\/\/agromt.news\/index.php?rest_route=%2Fwp%2Fv2%2Fcategories&post=6108"},{"taxonomy":"post_tag","embeddable":true,"href":"https:\/\/agromt.news\/index.php?rest_route=%2Fwp%2Fv2%2Ftags&post=6108"}],"curies":[{"name":"wp","href":"https:\/\/api.w.org\/{rel}","templated":true}]}}