{"id":6030,"date":"2024-12-04T01:57:53","date_gmt":"2024-12-04T05:57:53","guid":{"rendered":"https:\/\/agromt.news\/?p=6030"},"modified":"2024-12-04T01:57:53","modified_gmt":"2024-12-04T05:57:53","slug":"regulamentacao-de-bioinsumos-e-aprovada-no-senado-e-vai-a-sancao","status":"publish","type":"post","link":"https:\/\/agromt.news\/?p=6030","title":{"rendered":"Regulamenta\u00e7\u00e3o de bioinsumos \u00e9 aprovada no Senado e vai \u00e0 san\u00e7\u00e3o"},"content":{"rendered":"<p> <br \/>\n<br \/><img decoding=\"async\" src=\"https:\/\/agromt.news\/wp-content\/uploads\/2024\/11\/IMG_0092-scaled-1.jpg\" \/><\/p>\n<div>\n<p>O Senado aprovou, nesta ter\u00e7a (3), o marco legal (projeto 658\/2021) para a produ\u00e7\u00e3o, o uso e a comercializa\u00e7\u00e3o dos bioinsumos na agropecu\u00e1ria. O texto, de autoria do deputado Z\u00e9 Vitor (PL-MG), havia passado pela C\u00e2mara dos Deputados na semana passada e, agora, vai \u00e0 san\u00e7\u00e3o do presidente Lula.<\/p>\n<p>O senador Jaques Wagner (PT-BA), relator da mat\u00e9ria e que havia apresentado projeto semelhante, defendeu a aprova\u00e7\u00e3o no plen\u00e1rio. Ele afirmou que a legisla\u00e7\u00e3o vai garantir ao Brasil importante avan\u00e7o para produtores agr\u00edcolas.<\/p>\n<figure class=\"wp-block-embed is-type-video is-provider-youtube wp-block-embed-youtube wp-embed-aspect-16-9 wp-has-aspect-ratio\">\n<p>\n<iframe title=\"Comiss\u00e3o de Agricultura | Senado debate moderniza\u00e7\u00e3o do seguro rural\" width=\"800\" height=\"450\" src=\"https:\/\/www.youtube.com\/embed\/GW4cI_4HSRg?feature=oembed\" frameborder=\"0\" allow=\"accelerometer; autoplay; clipboard-write; encrypted-media; gyroscope; picture-in-picture; web-share\" referrerpolicy=\"strict-origin-when-cross-origin\" allowfullscreen><\/iframe><noscript><iframe title=\"Comiss\u00e3o de Agricultura | Senado debate moderniza\u00e7\u00e3o do seguro rural\" width=\"800\" height=\"450\" src=\"https:\/\/www.youtube.com\/embed\/GW4cI_4HSRg?feature=oembed\" frameborder=\"0\" allow=\"accelerometer; autoplay; clipboard-write; encrypted-media; gyroscope; picture-in-picture; web-share\" referrerpolicy=\"strict-origin-when-cross-origin\" allowfullscreen><\/iframe><\/noscript>\n<\/p>\n<\/figure>\n<p>\u201cO Brasil, um dos maiores produtores agr\u00edcolas do mundo, tem um potencial extraordin\u00e1rio para liderar a produ\u00e7\u00e3o de bioinsumos\u201d. <\/p>\n<p>Ele salienta que esses produtos s\u00e3o subst\u00e2ncias biol\u00f3gicas, como micro-organismos, biofertilizantes, agentes de controle biol\u00f3gico e extratos vegetais, que se tornam alternativas mais sustent\u00e1veis ambientalmente aos insumos qu\u00edmicos tradicionais da agricultura, como pesticidas e fertilizantes.<\/p>\n<h2 class=\"wp-block-heading\" id=\"h-alimentos-mais-saudaveis\">Alimentos mais saud\u00e1veis<\/h2>\n<p>Outra vantagem, conforme esclareceu o senador, \u00e9 que os bioinsumos contribuem para a preserva\u00e7\u00e3o da biodiversidade e a regenera\u00e7\u00e3o da sa\u00fade do solo. Ele apontou que a tecnologia dos bioinsumos brasileira \u00e9 reconhecida no exterior. <\/p>\n<\/div>\n<div>\n<p>\u201c\u00c9 fundamental para a agricultura e tamb\u00e9m para a pecu\u00e1ria. Assim, v\u00e3o possibilitar que sejam produzidos alimentos mais saud\u00e1veis, de serem menos agressivos \u00e0 terra e ao meio ambiente\u201d. O parlamentar entende que o marco legal foi constru\u00eddo a partir de um debate com entidades, setores industriais, movimentos sociais e academia.<\/p>\n<p>Ainda, de acordo com os argumentos de Jaques Wagner, o desenvolvimento desse setor no Brasil fortalece a posi\u00e7\u00e3o do pa\u00eds no mercado agr\u00edcola global e oferece uma oportunidade para a atra\u00e7\u00e3o de investimentos de empresas e gera\u00e7\u00e3o de empregos de qualidade.<\/p>\n<p>\u201cA inova\u00e7\u00e3o desempenha um papel central nesse contexto. Para que o Brasil possa se posicionar como l\u00edder global em bioinsumos, \u00e9 essencial que o governo e o setor privado invistam em pesquisa e desenvolvimento\u201d. Outra pondera\u00e7\u00e3o \u00e9 que o mercado de agroqu\u00edmicos, por outro lado, \u00e9 dominado por conglomerados internacionais.<\/p>\n<h2 class=\"wp-block-heading\" id=\"h-atividade-sustentavel\">Atividade sustent\u00e1vel<\/h2>\n<p>A senadora Tereza Cristina (PP-MS) tamb\u00e9m discursou em apoio ao projeto, que seria importante tanto para quem pratica a agricultura familiar como para os maiores produtores para uma atividade sustent\u00e1vel. <\/p>\n<p>\u201cSe n\u00e3o tiv\u00e9ssemos agido rapidamente, os produtores rurais, inclusive os de produtos org\u00e2nicos, que usam os bioinsumos produzidos em suas propriedades, ficariam na ilegalidade\u201d.<\/p>\n<p>O <strong><a href=\"https:\/\/www.canalrural.com.br\/tag\/mapa\/\">ministro da Agricultura<\/a><\/strong>, Carlos F\u00e1varo, afirmou que a aprova\u00e7\u00e3o da pauta no Senado \u00e9 uma conquista para os produtores rurais. \u201cO Brasil acaba de dar mais um grande passo na efici\u00eancia e qualidade dos produtos brasileiros. Ao aprovar essa mat\u00e9ria, evitamos fragilizar os org\u00e2nicos e podemos continuar produzindo com qualidade e efici\u00eancia\u201d.<\/p>\n<\/p><\/div>\n<p><br \/>\n<br \/><a href=\"https:\/\/www.canalrural.com.br\/sustentabilidade\/regulamentacao-de-bioinsumos-e-aprovada-no-senado-e-vai-a-sancao\/\">Source link <\/a><\/p>\n","protected":false},"excerpt":{"rendered":"<p>O Senado aprovou, nesta ter\u00e7a (3), o marco legal (projeto 658\/2021) para a produ\u00e7\u00e3o, o uso e a comercializa\u00e7\u00e3o dos<\/p>\n","protected":false},"author":1,"featured_media":5744,"comment_status":"open","ping_status":"open","sticky":false,"template":"","format":"standard","meta":{"_monsterinsights_skip_tracking":false,"_monsterinsights_sitenote_active":false,"_monsterinsights_sitenote_note":"","_monsterinsights_sitenote_category":0,"_uf_show_specific_survey":0,"_uf_disable_surveys":false,"footnotes":""},"categories":[1],"tags":[],"class_list":["post-6030","post","type-post","status-publish","format-standard","has-post-thumbnail","hentry","category-news"],"_links":{"self":[{"href":"https:\/\/agromt.news\/index.php?rest_route=\/wp\/v2\/posts\/6030"}],"collection":[{"href":"https:\/\/agromt.news\/index.php?rest_route=\/wp\/v2\/posts"}],"about":[{"href":"https:\/\/agromt.news\/index.php?rest_route=\/wp\/v2\/types\/post"}],"author":[{"embeddable":true,"href":"https:\/\/agromt.news\/index.php?rest_route=\/wp\/v2\/users\/1"}],"replies":[{"embeddable":true,"href":"https:\/\/agromt.news\/index.php?rest_route=%2Fwp%2Fv2%2Fcomments&post=6030"}],"version-history":[{"count":0,"href":"https:\/\/agromt.news\/index.php?rest_route=\/wp\/v2\/posts\/6030\/revisions"}],"wp:featuredmedia":[{"embeddable":true,"href":"https:\/\/agromt.news\/index.php?rest_route=\/wp\/v2\/media\/5744"}],"wp:attachment":[{"href":"https:\/\/agromt.news\/index.php?rest_route=%2Fwp%2Fv2%2Fmedia&parent=6030"}],"wp:term":[{"taxonomy":"category","embeddable":true,"href":"https:\/\/agromt.news\/index.php?rest_route=%2Fwp%2Fv2%2Fcategories&post=6030"},{"taxonomy":"post_tag","embeddable":true,"href":"https:\/\/agromt.news\/index.php?rest_route=%2Fwp%2Fv2%2Ftags&post=6030"}],"curies":[{"name":"wp","href":"https:\/\/api.w.org\/{rel}","templated":true}]}}