{"id":6028,"date":"2024-12-04T01:09:54","date_gmt":"2024-12-04T05:09:54","guid":{"rendered":"https:\/\/agromt.news\/?p=6028"},"modified":"2024-12-04T01:09:54","modified_gmt":"2024-12-04T05:09:54","slug":"empresa-faz-acordo-milionario-com-mpt-dois-anos-apos-soterramento-de-5-criancas-em-fazenda","status":"publish","type":"post","link":"https:\/\/agromt.news\/?p=6028","title":{"rendered":"Empresa faz acordo milion\u00e1rio com MPT dois anos ap\u00f3s soterramento de 5 crian\u00e7as em fazenda"},"content":{"rendered":"<p> <br \/>\n<\/p>\n<div>\n<p>O grupo econ\u00f4mico sul-coreano controlador da Bom Amigo Doalnara Agropecu\u00e1ria Ltda. e outras seis empresas, firmaram um<strong> acordo judicial<\/strong> com o<strong> Minist\u00e9rio P\u00fablico do Trabalho<\/strong> ap\u00f3s mais de dois anos da morte de cinco crian\u00e7as sul-coreanas, encontradas mortas em uma vala na <strong>Fazenda Doalnara O\u00e1sis<\/strong>, na zona rural do munic\u00edpio de <strong>Formosa do Rio Preto<\/strong>, no oeste da Bahia.<\/p>\n<p>Segundo o MPT, no acordo, ficou estabelecido o pagamento de <strong>R$ 3,5 milh\u00f5es a t\u00edtulo de dano moral coletivo<\/strong>, al\u00e9m de compromissos para a implementa\u00e7\u00e3o de medidas de seguran\u00e7a e sa\u00fade do trabalho. <\/p>\n<p>O valor vai para o Fundo de Promo\u00e7\u00e3o do Trabalho Decente (Funtrad) em 20 parcelas mensais de R$ 175 mil.<\/p>\n<p>O MPT informou, ainda, que a Bom Amigo Doalnara se comprometeu a implementar v\u00e1rias medidas, como a realiza\u00e7\u00e3o de treinamentos, fornecimento de equipamentos de prote\u00e7\u00e3o individual (EPIs), an\u00e1lises de riscos e supervis\u00e3o t\u00e9cnica em obras e atividades de alto risco.<\/p>\n<p>A concilia\u00e7\u00e3o tratou, tamb\u00e9m, do sistema de cooperativado adotado no \u00e2mbito da atividade empresarial agr\u00edcola.<\/p>\n<p>O descumprimento das cl\u00e1usulas pode gerar <strong>multas<\/strong> que variam de <strong>R$ 50 mil<\/strong> a <strong>R$ 100 mil por item<\/strong>, dependendo da gravidade da infra\u00e7\u00e3o.<\/p>\n<h2 class=\"wp-block-heading\" id=\"h-sentimento-de-justica\">Sentimento de justi\u00e7a<\/h2>\n<p>Para a procuradora Camilla Mello, \u201co acordo judicial resgata o sentimento de justi\u00e7a e promove uma efetiva repara\u00e7\u00e3o em um processo complexo e de grande repercuss\u00e3o social, que teve in\u00edcio com o evento tr\u00e1gico da morte de cinco crian\u00e7as coreanas soterradas na obra de constru\u00e7\u00e3o civil ocorrida na fazenda O\u00e1sis, pertencente ao Grupo Doalnara\u201d.<\/p>\n<p>Ainda segundo ela, o Grupo Doalnara assume assim \u201cdiversas obriga\u00e7\u00f5es de fazer que dizem respeito \u00e0 garantia de um meio ambiente do trabalho seguro, \u00e0 regularidade do funcionamento de cooperativas e, ainda, a previs\u00e3o de compromissos para preven\u00e7\u00e3o e combate ao tr\u00e1fico de pessoas e ao trabalho an\u00e1logo ao de escravo, al\u00e9m da indeniza\u00e7\u00e3o por danos morais coletivos, que ser\u00e3o destinados em benef\u00edcio da coletividade\u201d.<\/p>\n<\/div>\n<div>\n<h2 class=\"wp-block-heading\" id=\"h-o-caso\">O caso<\/h2>\n<figure class=\"wp-block-image size-full\"><img fetchpriority=\"high\" decoding=\"async\" width=\"984\" height=\"765\" alt=\"morte de crian\u00e7as na fazenda doalnara o\u00e1sis em formosa do rio preto em 2022\" class=\"wp-image-4078786\"  data-lazy- src=\"https:\/\/agromt.news\/wp-content\/uploads\/2024\/12\/Empresa-faz-acordo-milionario-com-MPT-dois-anos-apos-soterramento.jpg\"\/><img decoding=\"async\" width=\"984\" height=\"765\" src=\"https:\/\/agromt.news\/wp-content\/uploads\/2024\/12\/Empresa-faz-acordo-milionario-com-MPT-dois-anos-apos-soterramento.jpg\" alt=\"morte de crian\u00e7as na fazenda doalnara o\u00e1sis em formosa do rio preto em 2022\" class=\"wp-image-4078786\"  \/><figcaption class=\"wp-element-caption\">Foto: Divulga\u00e7\u00e3o\/PM<\/figcaption><\/figure>\n<p>O caso come\u00e7ou a ser investigado pelo MPT em agosto de 2022 ap\u00f3s a not\u00edcia da morte por soterramento de cinco crian\u00e7as, de 5 a 11 anos, na comunidade que tamb\u00e9m \u00e9 conhecida na regi\u00e3o como Vila dos Coreanos, na tarde do dia 29 de abril daquele ano.<\/p>\n<p>De acordo com as investiga\u00e7\u00f5es, foram detectadas diversas irregularidades no cumprimento de normas de seguran\u00e7a. <\/p>\n<p>Al\u00e9m disso, ao buscar informa\u00e7\u00f5es sobre os empregados, o MPT detectou a exist\u00eancia de uma cooperativa criada pela empresa onde quase todos os empregados eram ligados e que servia para encobrir o v\u00ednculo empregat\u00edcio.<\/p>\n<p>O grupo Doalnara est\u00e1 no munic\u00edpio de Formosa do Rio Preto desde 2004 e possui tamb\u00e9m outra propriedade em Barreiras, oeste da Bahia.<\/p>\n<p>De acordo com v\u00eddeo institucional da empresa, s\u00e3o 14 mil hectares de terras no Brasil dedicados \u00e0 agroind\u00fastria org\u00e2nica voltada para o mercado sul-coreano.<\/p>\n<hr class=\"wp-block-separator has-alpha-channel-opacity\"\/>\n<p><em>Siga o\u00a0<a href=\"https:\/\/www.instagram.com\/canalruralbahia\/\">Canal Rural Bahia no Instagram<\/a>! Voc\u00ea tamb\u00e9m pode participar deixando uma sugest\u00e3o de pauta. Clique\u00a0<a href=\"https:\/\/wa.me\/5577999455066\"><strong>aqui<\/strong><\/a>\u00a0e envie uma mensagem para o nosso WhatsApp<\/em>!<\/p>\n<\/p><\/div>\n<p><script async src=\"\/\/www.instagram.com\/embed.js\"><\/script><br \/>\n<br \/><br \/>\n<br \/><a href=\"https:\/\/www.canalrural.com.br\/nacional\/bahia\/empresa-faz-acordo-milionario-com-mpt-dois-anos-apos-soterramento-de-5-criancas-em-fazenda\/\">Source link <\/a><\/p>\n","protected":false},"excerpt":{"rendered":"<p>O grupo econ\u00f4mico sul-coreano controlador da Bom Amigo Doalnara Agropecu\u00e1ria Ltda. e outras seis empresas, firmaram um acordo judicial com<\/p>\n","protected":false},"author":1,"featured_media":6029,"comment_status":"open","ping_status":"open","sticky":false,"template":"","format":"standard","meta":{"_monsterinsights_skip_tracking":false,"_monsterinsights_sitenote_active":false,"_monsterinsights_sitenote_note":"","_monsterinsights_sitenote_category":0,"_uf_show_specific_survey":0,"_uf_disable_surveys":false,"footnotes":""},"categories":[1],"tags":[],"class_list":["post-6028","post","type-post","status-publish","format-standard","has-post-thumbnail","hentry","category-news"],"_links":{"self":[{"href":"https:\/\/agromt.news\/index.php?rest_route=\/wp\/v2\/posts\/6028"}],"collection":[{"href":"https:\/\/agromt.news\/index.php?rest_route=\/wp\/v2\/posts"}],"about":[{"href":"https:\/\/agromt.news\/index.php?rest_route=\/wp\/v2\/types\/post"}],"author":[{"embeddable":true,"href":"https:\/\/agromt.news\/index.php?rest_route=\/wp\/v2\/users\/1"}],"replies":[{"embeddable":true,"href":"https:\/\/agromt.news\/index.php?rest_route=%2Fwp%2Fv2%2Fcomments&post=6028"}],"version-history":[{"count":0,"href":"https:\/\/agromt.news\/index.php?rest_route=\/wp\/v2\/posts\/6028\/revisions"}],"wp:featuredmedia":[{"embeddable":true,"href":"https:\/\/agromt.news\/index.php?rest_route=\/wp\/v2\/media\/6029"}],"wp:attachment":[{"href":"https:\/\/agromt.news\/index.php?rest_route=%2Fwp%2Fv2%2Fmedia&parent=6028"}],"wp:term":[{"taxonomy":"category","embeddable":true,"href":"https:\/\/agromt.news\/index.php?rest_route=%2Fwp%2Fv2%2Fcategories&post=6028"},{"taxonomy":"post_tag","embeddable":true,"href":"https:\/\/agromt.news\/index.php?rest_route=%2Fwp%2Fv2%2Ftags&post=6028"}],"curies":[{"name":"wp","href":"https:\/\/api.w.org\/{rel}","templated":true}]}}