{"id":6026,"date":"2024-12-04T01:06:34","date_gmt":"2024-12-04T05:06:34","guid":{"rendered":"https:\/\/agromt.news\/?p=6026"},"modified":"2024-12-04T01:06:34","modified_gmt":"2024-12-04T05:06:34","slug":"cotacao-da-pluma-e-dolar-impulsionam-exportacoes-mato-grossenses","status":"publish","type":"post","link":"https:\/\/agromt.news\/?p=6026","title":{"rendered":"Cota\u00e7\u00e3o da pluma e d\u00f3lar impulsionam exporta\u00e7\u00f5es mato-grossenses"},"content":{"rendered":"<p> <br \/>\n<\/p>\n<div>\n<div class=\"row\">\n<div class=\"col-lg col-infos mt-3 mt-lg-0\">\n<div class=\"section-sub-title\">\n<p itemprop=\"description\">&#13;<br \/>\n                                Valoriza\u00e7\u00e3o da moeda americana reflete expectativas macroecon\u00f4micas para o Brasil&#13;\n                            <\/p>\n<\/p><\/div>\n<div class=\"container\">\n<div class=\"row\">\n<div class=\"col-lg p-0\">\n<div>\n<div class=\"block-news-main-infos mt-3 text-start\">\n<p>                                            <strong class=\"fn\" itemprop=\"author\" style=\"color: rgb(112, 112, 112); \">&#13;<br \/>\n                                                <a href=\"https:\/\/www.agrolink.com.br\/noticias\/javascript:;\" class=\"text-uppercase\" target=\"_blank\" style=\"color: rgb(112, 112, 112); \" rel=\"noopener\">Agrolink<\/a>&#13;<br \/>\n&#13;<br \/>\n                                                    &#8211; Seane Lennon&#13;<br \/>\n&#13;<br \/>\n                                            <\/strong><br \/>\n                                        <\/p>\n<p>                                            <abbr><time datetime=\"2024-12-03T19:20\" itemprop=\"datePublished dateModified\">Publicado em 03\/12\/2024 \u00e0s 19:20h.<\/time><\/abbr><br \/>\n                                            <\/p><\/div>\n<\/p><\/div>\n<\/p><\/div>\n<div class=\"col-lg p-0 text-lg-end\">\n<div>\n<div id=\"mdEnviarPagina\" class=\"modal fade\" role=\"dialog\">\n<div class=\"modal-dialog\">\n<div class=\"modal-content\">\n<div class=\"modal-body\">\n<p><strong>Estimado usu\u00e1rio.<\/strong><br \/>Preencha o formul\u00e1rio abaixo para remeter a p\u00e1gina.<\/p>\n<\/p><\/div>\n<\/p><\/div>\n<\/p><\/div>\n<\/div><\/div>\n<\/p><\/div>\n<\/p><\/div>\n<\/p><\/div>\n<\/p><\/div>\n<\/p><\/div>\n<div class=\"row justify-content-md-center mt-3\">\n<div class=\"col-lg-auto col-image  block-news-main-image d-none d-md-block\">\n<p>                            <img decoding=\"async\" src=\"https:\/\/www.agrolink.com.br\/upload\/imagens-resizes\/eabac35958ca4aecad27f29eb87a9afa_858x483.jpg\" class=\"lazyload \"\/><br \/>\n                                            <span class=\"publicity-photo d-block mt-1\">Foto: Canva<\/span><\/p><\/div>\n<\/p><\/div>\n<div class=\"section-description section-description-noticias mt-3\">\n<p style=\"text-align:justify\">Segundo an\u00e1lise do Instituto Mato-Grossense de Economia Agropecu\u00e1ria (Imea), divulgada nesta segunda-feira (2), as paridades de exporta\u00e7\u00e3o de algod\u00e3o para os contratos de dezembro de 2024 e julho de 2025 no mercado mato-grossense registraram altas\u00a0na \u00faltima semana de novembro. As m\u00e9dias encerraram o per\u00edodo em R$ 139,41\/@ e R$ 143,79\/@, respectivamente, representando eleva\u00e7\u00f5es de 9,24% e 4,05% em rela\u00e7\u00e3o \u00e0 semana anterior.&#13;\n<\/p>\n<p style=\"text-align:justify\">O aumento das paridades foi impulsionado pela valoriza\u00e7\u00e3o semanal da pluma de <a href=\"https:\/\/www.agrolink.com.br\/culturas\/algodao\/\" target=\"_blank\" rel=\"noopener\">algod\u00e3o<\/a> na Bolsa de Nova York, que apresentou crescimento de 7,02% para os contratos de dezembro de 2024 e de 2,02% para julho de 2025. O d\u00f3lar tamb\u00e9m contribuiu para o cen\u00e1rio, com altas de 2,15% e 2,07% nos contratos futuros dos mesmos per\u00edodos.&#13;\n<\/p>\n<p style=\"text-align:justify\">Segundo o Imea, a valoriza\u00e7\u00e3o da moeda americana reflete expectativas macroecon\u00f4micas para o Brasil em 2025, somadas \u00e0 repercuss\u00e3o de declara\u00e7\u00f5es pol\u00edticas recentes, que t\u00eam sustentado o d\u00f3lar em patamares elevados e impactado positivamente as paridades de exporta\u00e7\u00e3o no estado.&#13;\n<\/p>\n<\/p><\/div>\n<\/p><\/div>\n<p><script data-cfasync=\"false\">\n    !function (f, b, e, v, n, t, s) {\n        if (f.fbq) return; n = f.fbq = function () {\n            n.callMethod ?\n                n.callMethod.apply(n, arguments) : n.queue.push(arguments)\n        };\n        if (!f._fbq) f._fbq = n; n.push = n; n.loaded = !0; n.version = '2.0';\n        n.queue = []; t = b.createElement(e); t.async = !0;\n        t.src = v; s = b.getElementsByTagName(e)[0];\n        s.parentNode.insertBefore(t, s)\n    }(window, document, 'script',\n        'https:\/\/connect.facebook.net\/en_US\/fbevents.js');\n    fbq('init', '522546078623747');\n    fbq('track', 'PageView');\n<\/script><br \/>\n<br \/><br \/>\n<br \/><a href=\"https:\/\/www.agrolink.com.br\/noticias\/cotacao-da-pluma-e-dolar-impulsionam-exportacoes-mato-grossenses_497336.html\">Source link <\/a><\/p>\n","protected":false},"excerpt":{"rendered":"<p>&#13; Valoriza\u00e7\u00e3o da moeda americana reflete expectativas macroecon\u00f4micas para o Brasil&#13; &#13; Agrolink&#13; &#13; &#8211; Seane Lennon&#13; &#13; Publicado em<\/p>\n","protected":false},"author":1,"featured_media":6027,"comment_status":"open","ping_status":"open","sticky":false,"template":"","format":"standard","meta":{"_monsterinsights_skip_tracking":false,"_monsterinsights_sitenote_active":false,"_monsterinsights_sitenote_note":"","_monsterinsights_sitenote_category":0,"_uf_show_specific_survey":0,"_uf_disable_surveys":false,"footnotes":""},"categories":[8,1,14],"tags":[],"class_list":["post-6026","post","type-post","status-publish","format-standard","has-post-thumbnail","hentry","category-agro","category-news","category-politica-agro"],"_links":{"self":[{"href":"https:\/\/agromt.news\/index.php?rest_route=\/wp\/v2\/posts\/6026"}],"collection":[{"href":"https:\/\/agromt.news\/index.php?rest_route=\/wp\/v2\/posts"}],"about":[{"href":"https:\/\/agromt.news\/index.php?rest_route=\/wp\/v2\/types\/post"}],"author":[{"embeddable":true,"href":"https:\/\/agromt.news\/index.php?rest_route=\/wp\/v2\/users\/1"}],"replies":[{"embeddable":true,"href":"https:\/\/agromt.news\/index.php?rest_route=%2Fwp%2Fv2%2Fcomments&post=6026"}],"version-history":[{"count":0,"href":"https:\/\/agromt.news\/index.php?rest_route=\/wp\/v2\/posts\/6026\/revisions"}],"wp:featuredmedia":[{"embeddable":true,"href":"https:\/\/agromt.news\/index.php?rest_route=\/wp\/v2\/media\/6027"}],"wp:attachment":[{"href":"https:\/\/agromt.news\/index.php?rest_route=%2Fwp%2Fv2%2Fmedia&parent=6026"}],"wp:term":[{"taxonomy":"category","embeddable":true,"href":"https:\/\/agromt.news\/index.php?rest_route=%2Fwp%2Fv2%2Fcategories&post=6026"},{"taxonomy":"post_tag","embeddable":true,"href":"https:\/\/agromt.news\/index.php?rest_route=%2Fwp%2Fv2%2Ftags&post=6026"}],"curies":[{"name":"wp","href":"https:\/\/api.w.org\/{rel}","templated":true}]}}