{"id":6022,"date":"2024-12-03T23:59:32","date_gmt":"2024-12-04T03:59:32","guid":{"rendered":"https:\/\/agromt.news\/?p=6022"},"modified":"2024-12-03T23:59:32","modified_gmt":"2024-12-04T03:59:32","slug":"fpa-leva-producao-agropecuaria-do-brasil-para-a-cop-29","status":"publish","type":"post","link":"https:\/\/agromt.news\/?p=6022","title":{"rendered":"FPA leva produ\u00e7\u00e3o agropecu\u00e1ria do Brasil para a COP-29"},"content":{"rendered":"<p> <br \/>\n<\/p>\n<p>Parlamentares destacam produ\u00e7\u00e3o sustent\u00e1vel, integra\u00e7\u00e3o com pol\u00edticas clim\u00e1ticas e o papel do Brasil como l\u00edder agroambiental<\/p>\n<div>\n<p class=\"image-center\"><img decoding=\"async\" alt=\"FPA na Cop29\" src=\"https:\/\/cdn.noticiasagricolas.com.br\/dbimagens\/thumbs\/800x2000\/fpa-na-cop29-56wRV.jpg\"\/><\/p>\n<p>Desde o in\u00edcio da semana, os parlamentares da Frente Parlamentar da Agropecu\u00e1ria (FPA) participam da comitiva brasileira do agro, organizada pela Confedera\u00e7\u00e3o da Agricultura e Pecu\u00e1ria do Brasil (CNA), na COP-29, realizada em Baku, no Azerbaij\u00e3o.<\/p>\n<p>Durante o evento, que re\u00fane representantes de 200 pa\u00edses e ocorre de 11 a 22 de novembro, os parlamentares da FPA ressaltaram a import\u00e2ncia do setor agropecu\u00e1rio e da produ\u00e7\u00e3o brasileira no combate \u00e0s mudan\u00e7as clim\u00e1ticas.<\/p>\n<p>Presente no evento, o presidente da FPA, deputado Pedro Lupion (PP-PR), destacou que o C\u00f3digo Florestal \u00e9 uma das legisla\u00e7\u00f5es ambientais mais rigorosas do mundo. \u201c\u00c9 fundamental explicar que nossa lei \u00e9 mais r\u00edgida do que as de outros continentes. Na Europa, apenas para pousio, os produtores reservam menos de 5% das terras, e protestaram recentemente quando a Uni\u00e3o Europeia quis aumentar essa reserva para 7%\u201d, afirmou Lupion.<\/p>\n<p>Os parlamentares aproveitaram a oportunidade para refor\u00e7ar o discurso de que a Confer\u00eancia promove o desenvolvimento dos pa\u00edses. \u201cIsso ocorre em v\u00e1rios n\u00edveis: econ\u00f4mico, social e ambiental. Discutir o clima faz parte dessas agendas de desenvolvimento. Por isso, \u00e9 essencial que o setor produtivo como um todo, inclusive o agro, esteja presente para acompanhar as discuss\u00f5es\u201d, destacou o presidente da FPA.<\/p>\n<p>A deputada Marussa Boldrin (MDB-GO) tamb\u00e9m enfatizou a relev\u00e2ncia da presen\u00e7a do setor agropecu\u00e1rio na COP-29. \u201cN\u00f3s fomos questionados, inclusive, sobre o motivo dessa participa\u00e7\u00e3o. Mas, principalmente, n\u00e3o podemos permitir que quem est\u00e1 olhando o lado ambiental dite as regras ou fale sobre a agricultura sem ouvir a nossa vers\u00e3o \u2014 a vers\u00e3o do que participamos e fazemos. Muito foi falado sobre as NDCs e sobre o quanto o Brasil contribui com tudo isso. Mais do que sermos ouvintes, precisamos estar presentes para dar voz a todo esse sistema\u201d, afirmou.<\/p>\n<p>Marussa destacou ainda a import\u00e2ncia da pr\u00f3xima COP-30, que ser\u00e1 realizada em 2025 no Brasil. \u201cPrecisamos mostrar a floresta que produz e tamb\u00e9m toda a agricultura que \u00e9 feita na regi\u00e3o Norte, Nordeste, e em todo o pa\u00eds, que tem credibilidade para estar na mesa de discuss\u00f5es, apresentando a\u00e7\u00f5es e nossa vis\u00e3o como sociedade.\u201d<\/p>\n<p><strong>Agro sustent\u00e1vel<\/strong><br \/>O vice-presidente da FPA, deputado Arnaldo Jardim (Cidadania-SP), ressaltou a import\u00e2ncia do agro brasileiro no contexto ambiental e econ\u00f4mico. \u201cNosso agro \u00e9 sustent\u00e1vel, e precisamos mostrar isso para o mundo. O agro n\u00e3o s\u00f3 produz alimentos e prote\u00ednas, mas tamb\u00e9m gera energia. Podemos aumentar a produ\u00e7\u00e3o de alimentos e, ao mesmo tempo, ampliar a produ\u00e7\u00e3o de energia. O etanol \u00e9 um exemplo disso. J\u00e1 produzimos muito, e vamos produzir ainda mais. N\u00e3o \u00e9 s\u00f3 com a cana, mas tamb\u00e9m com o milho e, em breve, at\u00e9 com o trigo do Rio Grande do Sul, com cada vez mais variedades produzindo etanol.\u201d<\/p>\n<p>Jardim destacou ainda o potencial do Brasil em energias alternativas. \u201cO etanol n\u00e3o s\u00f3 vai aumentar a mistura, mas tamb\u00e9m ser\u00e1 base para o combust\u00edvel mar\u00edtimo e de avia\u00e7\u00e3o. O cen\u00e1rio \u00e9 promissor. Al\u00e9m disso, temos a captura de carbono e o diesel verde produzido a partir do agro. O Brasil n\u00e3o \u00e9 o vil\u00e3o do meio ambiente, mas sim a vanguarda da nova economia de baixo carbono\u201d, afirmou o parlamentar.<\/p>\n<p><strong>COP-30<\/strong><br \/>No mesmo sentido, o deputado Z\u00e9 Vitor (PL-MG) destacou o papel do Brasil no cen\u00e1rio global. \u201cTemos desafios globais, e \u00e9 claro que, pensando especialmente no agro \u2014 at\u00e9 porque hoje tratamos de sistemas alimentares \u2014, o caminho para que diversos produtores e empreendedores mundo afora possam adotar medidas pr\u00e1ticas passa pelo acesso \u00e0 transfer\u00eancia de tecnologia, \u00e0 assessoria t\u00e9cnica e, em alguns casos, a mais recursos para financiamento\u201d, pontuou.<\/p>\n<p>Sobre a COP-30, o deputado mineiro refor\u00e7ou a import\u00e2ncia do Brasil como l\u00edder agroambiental. \u201cA COP-30 ser\u00e1 uma vitrine, e \u00e9 importante que saibamos dosar e apresentar o Brasil como de fato \u00e9: uma pot\u00eancia agroambiental. N\u00f3s jamais nos sentaremos no banco dos r\u00e9us, porque temos capacidade de contribuir com a mitiga\u00e7\u00e3o, a adapta\u00e7\u00e3o e a seguran\u00e7a alimentar, que caminham juntas. S\u00e3o temas nos quais o Brasil j\u00e1 \u00e9 l\u00edder.\u201d<\/p>\n<p>O deputado Alceu Moreira (MDB-RS) chamou a aten\u00e7\u00e3o para os avan\u00e7os do agro em pesquisa, inova\u00e7\u00e3o e responsabilidade ambiental. \u201cNesta COP participamos de um painel sobre sustentabilidade, tecnologia e inova\u00e7\u00e3o, e a responsabilidade do agro no sequestro de carbono. Discutimos como construir uma produ\u00e7\u00e3o maior, mais qualificada e mais respons\u00e1vel a cada dia\u201d, disse.<\/p>\n<p>\u201cNa COP-29 estamos nos preparando para receber a COP-30 e, principalmente, para mostrar ao mundo o que a Amaz\u00f4nia quer dele, e n\u00e3o o que o mundo quer da Amaz\u00f4nia. N\u00e3o \u00e9 poss\u00edvel que quem n\u00e3o cumpre nenhum dos compromissos globais cobre do Brasil, que j\u00e1 cumpre os seus. N\u00e3o seremos reativos nem voluntaristas, mas estaremos prontos para receb\u00ea-los de bra\u00e7os abertos, com dados e fatos capazes de comprovar a responsabilidade ambiental do Brasil\u201d, completou.<\/p>\n<p>O deputado Z\u00e9 Silva (Solidariedade-MG) destacou a import\u00e2ncia da integra\u00e7\u00e3o de pol\u00edticas para a agricultura familiar na agenda clim\u00e1tica. \u201cParticipei de diversos pain\u00e9is e debates, ouvindo outros pa\u00edses e compartilhando ideias, al\u00e9m de debater sobre assist\u00eancia t\u00e9cnica e extens\u00e3o rural. Tivemos, no espa\u00e7o do Brasil, um debate sobre agricultura familiar, que precisa ser contemplada no financiamento das mudan\u00e7as clim\u00e1ticas. Precisamos saber, daqui a 5 ou 10 anos, quais tecnologias estar\u00e3o dispon\u00edveis e quais inova\u00e7\u00f5es podem beneficiar a agricultura familiar, permitindo que ela produza alimentos e, ao mesmo tempo, preserve as tradi\u00e7\u00f5es passadas de gera\u00e7\u00e3o para gera\u00e7\u00e3o\u201d, finalizou Z\u00e9 Silva.<\/p>\n<\/p><\/div>\n<p><script async defer src=\"https:\/\/connect.facebook.net\/en_US\/sdk.js\" type=\"53dcc1b8102053c5d9612fc9-text\/javascript\"><\/script><script type=\"53dcc1b8102053c5d9612fc9-text\/javascript\">\n  !function(f,b,e,v,n,t,s)\n  {if(f.fbq)return;n=f.fbq=function(){n.callMethod?\n    n.callMethod.apply(n,arguments):n.queue.push(arguments)};\n    if(!f._fbq)f._fbq=n;n.push=n;n.loaded=!0;n.version='2.0';\n    n.queue=[];t=b.createElement(e);t.async=!0;\n    t.src=v;s=b.getElementsByTagName(e)[0];\n    s.parentNode.insertBefore(t,s)}(window, document,'script',\n    'https:\/\/connect.facebook.net\/en_US\/fbevents.js');\n  fbq('init', '153495679422335');\n  fbq('track', 'PageView');\n<\/script><br \/>\n<br \/><br \/>\n<br \/><a href=\"https:\/\/www.noticiasagricolas.com.br\/noticias\/agronegocio\/389169-fpa-leva-producao-agropecuaria-do-brasil-para-a-cop-29.html\">Source link <\/a><\/p>\n","protected":false},"excerpt":{"rendered":"<p>Parlamentares destacam produ\u00e7\u00e3o sustent\u00e1vel, integra\u00e7\u00e3o com pol\u00edticas clim\u00e1ticas e o papel do Brasil como l\u00edder agroambiental Desde o in\u00edcio da<\/p>\n","protected":false},"author":1,"featured_media":6023,"comment_status":"open","ping_status":"open","sticky":false,"template":"","format":"standard","meta":{"_monsterinsights_skip_tracking":false,"_monsterinsights_sitenote_active":false,"_monsterinsights_sitenote_note":"","_monsterinsights_sitenote_category":0,"_uf_show_specific_survey":0,"_uf_disable_surveys":false,"footnotes":""},"categories":[8,1,14,16],"tags":[],"class_list":["post-6022","post","type-post","status-publish","format-standard","has-post-thumbnail","hentry","category-agro","category-news","category-politica-agro","category-safra"],"_links":{"self":[{"href":"https:\/\/agromt.news\/index.php?rest_route=\/wp\/v2\/posts\/6022"}],"collection":[{"href":"https:\/\/agromt.news\/index.php?rest_route=\/wp\/v2\/posts"}],"about":[{"href":"https:\/\/agromt.news\/index.php?rest_route=\/wp\/v2\/types\/post"}],"author":[{"embeddable":true,"href":"https:\/\/agromt.news\/index.php?rest_route=\/wp\/v2\/users\/1"}],"replies":[{"embeddable":true,"href":"https:\/\/agromt.news\/index.php?rest_route=%2Fwp%2Fv2%2Fcomments&post=6022"}],"version-history":[{"count":0,"href":"https:\/\/agromt.news\/index.php?rest_route=\/wp\/v2\/posts\/6022\/revisions"}],"wp:featuredmedia":[{"embeddable":true,"href":"https:\/\/agromt.news\/index.php?rest_route=\/wp\/v2\/media\/6023"}],"wp:attachment":[{"href":"https:\/\/agromt.news\/index.php?rest_route=%2Fwp%2Fv2%2Fmedia&parent=6022"}],"wp:term":[{"taxonomy":"category","embeddable":true,"href":"https:\/\/agromt.news\/index.php?rest_route=%2Fwp%2Fv2%2Fcategories&post=6022"},{"taxonomy":"post_tag","embeddable":true,"href":"https:\/\/agromt.news\/index.php?rest_route=%2Fwp%2Fv2%2Ftags&post=6022"}],"curies":[{"name":"wp","href":"https:\/\/api.w.org\/{rel}","templated":true}]}}