{"id":6015,"date":"2024-12-03T22:02:09","date_gmt":"2024-12-04T02:02:09","guid":{"rendered":"https:\/\/agromt.news\/?p=6015"},"modified":"2024-12-03T22:02:09","modified_gmt":"2024-12-04T02:02:09","slug":"lupion-e-reeleito-presidente-da-frente-parlamentar-da-agropecuaria-ate-2027","status":"publish","type":"post","link":"https:\/\/agromt.news\/?p=6015","title":{"rendered":"Lupion \u00e9 reeleito presidente da Frente Parlamentar da Agropecu\u00e1ria at\u00e9 2027"},"content":{"rendered":"<p> <br \/>\n<br \/><img decoding=\"async\" src=\"https:\/\/agromt.news\/wp-content\/uploads\/2024\/12\/Lupion-e-reeleito-presidente-da-Frente-Parlamentar-da-Agropecuaria-ate.jpg\" \/><\/p>\n<div>\n<p>O presidente da Frente Parlamentar da Agropecu\u00e1ria <strong><a href=\"https:\/\/www.canalrural.com.br\/tag\/fpa\/\">(FPA)<\/a><\/strong>, deputado Pedro Lupion, foi reeleito nesta ter\u00e7a-feira (3) para mais dois anos \u00e0 frente da bancada. <\/p>\n<p>O mandato do parlamentar, que terminaria em fevereiro de 2025, agora se estender\u00e1 at\u00e9 fevereiro de 2027. A Frente ter\u00e1 como vice-presidente na C\u00e2mara dos Deputados o deputado Arnaldo Jardim e, no Senado, a senadora Tereza Cristina, ex-ministra da Agricultura.<\/p>\n<p>\u201cGostaria de agradecer muito a confian\u00e7a de todos os parlamentares por essa un\u00e2nime recondu\u00e7\u00e3o como presidente da FPA, a toda nossa executiva, a nossa diretoria, pela confian\u00e7a, o carinho e a parceria nesses dois \u00faltimos anos. Que os pr\u00f3ximos sejam de muito trabalho, dedica\u00e7\u00e3o e que consigamos entregar ainda mais para o setor agropecu\u00e1rio\u201d, destacou Lupion.<\/p>\n<figure class=\"wp-block-embed is-type-video is-provider-youtube wp-block-embed-youtube wp-embed-aspect-16-9 wp-has-aspect-ratio\">\n<p>\n<iframe title=\"Reuni\u00e3o na FPA | Lupion \u00e9 reeleito presidente da FPA; Hugo Motta recebe pautas agro\" width=\"800\" height=\"450\" src=\"https:\/\/www.youtube.com\/embed\/1-jC8t0Dz-s?feature=oembed\" frameborder=\"0\" allow=\"accelerometer; autoplay; clipboard-write; encrypted-media; gyroscope; picture-in-picture; web-share\" referrerpolicy=\"strict-origin-when-cross-origin\" allowfullscreen><\/iframe><noscript><iframe title=\"Reuni\u00e3o na FPA | Lupion \u00e9 reeleito presidente da FPA; Hugo Motta recebe pautas agro\" width=\"800\" height=\"450\" src=\"https:\/\/www.youtube.com\/embed\/1-jC8t0Dz-s?feature=oembed\" frameborder=\"0\" allow=\"accelerometer; autoplay; clipboard-write; encrypted-media; gyroscope; picture-in-picture; web-share\" referrerpolicy=\"strict-origin-when-cross-origin\" allowfullscreen><\/iframe><\/noscript>\n<\/p>\n<\/figure>\n<p>O deputado Arnaldo Jardim ressaltou a import\u00e2ncia da continuidade da lideran\u00e7a de Lupion \u00e0 frente da bancada. \u201cA recondu\u00e7\u00e3o da nossa chapa fortalecer\u00e1 ainda mais os trabalhos do setor agropecu\u00e1rio no Congresso Nacional\u201d, afirmou.<\/p>\n<p>No mesmo sentido, o deputado Alceu Moreira destacou que a FPA \u00e9 um exemplo para outras frentes parlamentares. \u201cNingu\u00e9m d\u00e1 tanto orgulho para o Brasil como o agro. Se tem uma mesa cheia, seja no interior ou na cidade grande, tem uma parte do nosso trabalho ali.\u201d<\/p>\n<p>Com 306 deputados e 50 senadores, a FPA \u00e9 uma das frentes mais influentes no Congresso Nacional.<\/p>\n<p>\u201cA Frente \u00e9 considerada um grande \u2018guarda-chuva\u2019 do agro brasileiro, o que ficou evidente no apoio prestado ap\u00f3s a trag\u00e9dia no Rio Grande do Sul. Aqui garantimos justi\u00e7a e resultados para o setor que move o Brasil\u201d, completou o deputado Afonso Hamm.<\/p>\n<h2 class=\"wp-block-heading\" id=\"h-pautas-prioritarias-da-fpa\">Pautas priorit\u00e1rias da FPA<\/h2>\n<p>Outro destaque desta ter\u00e7a-feira foi a formaliza\u00e7\u00e3o do apoio da FPA ao deputado Hugo Motta para a presid\u00eancia da C\u00e2mara. Durante a reuni\u00e3o-almo\u00e7o da bancada, o presidente Pedro Lupion entregou a pauta priorit\u00e1ria do setor agropecu\u00e1rio e refor\u00e7ou a necessidade de um presidente da Casa baixa alinhado \u00e0s prioridades do setor.<\/p>\n<\/div>\n<div>\n<p>Entre os destaques da pauta legislativa do setor para 2025 est\u00e3o:<\/p>\n<ul class=\"wp-block-list\">\n<li>Projeto de reciprocidade ambiental;<\/li>\n<\/ul>\n<ul class=\"wp-block-list\">\n<li>O fortalecimento do seguro rural<\/li>\n<\/ul>\n<p>\u201cEstamos buscando avan\u00e7ar em pautas que protejam o produtor rural, ampliem a seguran\u00e7a jur\u00eddica e fortale\u00e7am o Brasil como l\u00edder global na produ\u00e7\u00e3o agropecu\u00e1ria\u201d, destacou Lupion.<\/p>\n<p>Ele ressaltou tamb\u00e9m que os temas em discuss\u00e3o abrangem seguran\u00e7a fundi\u00e1ria, pol\u00edtica agr\u00edcola, quest\u00f5es ind\u00edgenas e sustentabilidade. \u201cTrata-se de uma pauta que visa fortalecer o produtor rural e posicionar o Brasil como protagonista no cen\u00e1rio global.\u201d<\/p>\n<p>Ao receber o apoio da FPA, Hugo Motta destacou o papel do setor agropecu\u00e1rio na economia brasileira e reafirmou seu compromisso com as demandas recebidas. \u201cVoc\u00eas ter\u00e3o um presidente amigo, acess\u00edvel e comprometido com uma agenda que promove n\u00e3o apenas o crescimento do setor, mas tamb\u00e9m avan\u00e7os para o Brasil inteiro\u201d, afirmou.<\/p>\n<p>A elei\u00e7\u00e3o da nova Mesa Diretora est\u00e1 marcada para o in\u00edcio de fevereiro.<\/p>\n<\/p><\/div>\n<p><br \/>\n<br \/><a href=\"https:\/\/www.canalrural.com.br\/politica\/lupion-e-reeleito-presidente-da-frente-parlamentar-da-agropecuaria-ate-2027\/\">Source link <\/a><\/p>\n","protected":false},"excerpt":{"rendered":"<p>O presidente da Frente Parlamentar da Agropecu\u00e1ria (FPA), deputado Pedro Lupion, foi reeleito nesta ter\u00e7a-feira (3) para mais dois anos<\/p>\n","protected":false},"author":1,"featured_media":6016,"comment_status":"open","ping_status":"open","sticky":false,"template":"","format":"standard","meta":{"_monsterinsights_skip_tracking":false,"_monsterinsights_sitenote_active":false,"_monsterinsights_sitenote_note":"","_monsterinsights_sitenote_category":0,"_uf_show_specific_survey":0,"_uf_disable_surveys":false,"footnotes":""},"categories":[1],"tags":[],"class_list":["post-6015","post","type-post","status-publish","format-standard","has-post-thumbnail","hentry","category-news"],"_links":{"self":[{"href":"https:\/\/agromt.news\/index.php?rest_route=\/wp\/v2\/posts\/6015"}],"collection":[{"href":"https:\/\/agromt.news\/index.php?rest_route=\/wp\/v2\/posts"}],"about":[{"href":"https:\/\/agromt.news\/index.php?rest_route=\/wp\/v2\/types\/post"}],"author":[{"embeddable":true,"href":"https:\/\/agromt.news\/index.php?rest_route=\/wp\/v2\/users\/1"}],"replies":[{"embeddable":true,"href":"https:\/\/agromt.news\/index.php?rest_route=%2Fwp%2Fv2%2Fcomments&post=6015"}],"version-history":[{"count":0,"href":"https:\/\/agromt.news\/index.php?rest_route=\/wp\/v2\/posts\/6015\/revisions"}],"wp:featuredmedia":[{"embeddable":true,"href":"https:\/\/agromt.news\/index.php?rest_route=\/wp\/v2\/media\/6016"}],"wp:attachment":[{"href":"https:\/\/agromt.news\/index.php?rest_route=%2Fwp%2Fv2%2Fmedia&parent=6015"}],"wp:term":[{"taxonomy":"category","embeddable":true,"href":"https:\/\/agromt.news\/index.php?rest_route=%2Fwp%2Fv2%2Fcategories&post=6015"},{"taxonomy":"post_tag","embeddable":true,"href":"https:\/\/agromt.news\/index.php?rest_route=%2Fwp%2Fv2%2Ftags&post=6015"}],"curies":[{"name":"wp","href":"https:\/\/api.w.org\/{rel}","templated":true}]}}