{"id":6011,"date":"2024-12-03T20:58:49","date_gmt":"2024-12-04T00:58:49","guid":{"rendered":"https:\/\/agromt.news\/?p=6011"},"modified":"2024-12-03T20:58:49","modified_gmt":"2024-12-04T00:58:49","slug":"lula-assina-decreto-para-criar-programa-nacional-de-pesquisa-e-inovacao-da-agricultura-familiar","status":"publish","type":"post","link":"https:\/\/agromt.news\/?p=6011","title":{"rendered":"Lula assina decreto para criar Programa Nacional de Pesquisa e Inova\u00e7\u00e3o da Agricultura Familiar"},"content":{"rendered":"<p> <br \/>\n<br \/><img decoding=\"async\" src=\"https:\/\/agromt.news\/wp-content\/uploads\/2024\/12\/Lula-assina-decreto-para-criar-Programa-Nacional-de-Pesquisa-e.jpg\" \/><\/p>\n<div>\n<p>O presidente da Rep\u00fablica, Luiz In\u00e1cio Lula da Silva, assinou nesta ter\u00e7a-feira (3), decreto para cria\u00e7\u00e3o do Programa Nacional de Pesquisa e Inova\u00e7\u00e3o para Agricultura Familiar e Agroecologia (PNPIAF) em cerim\u00f4nia no Pal\u00e1cio do Planalto.<\/p>\n<p>O programa ser\u00e1 destinado \u00e0 promo\u00e7\u00e3o de a\u00e7\u00f5es de pesquisa e inova\u00e7\u00e3o voltadas para a agricultura familiar, com foco na transi\u00e7\u00e3o agroecol\u00f3gica, nos territ\u00f3rios, na preserva\u00e7\u00e3o dos biomas e na sustentabilidade dos agroecossistemas.<\/p>\n<p>O ministro do Desenvolvimento Agr\u00e1rio e Agricultura Familiar (MDA), Paulo Teixeira, afirmou que o conv\u00eanio prev\u00ea o repasse de recursos para a <a href=\"https:\/\/www.canalrural.com.br\/tag\/embrapa\/\"><strong>Embrapa<\/strong><\/a> dedicar a pesquisas da agricultura familiar. \u201cPara aumentarmos ainda mais a produ\u00e7\u00e3o de alimentos\u201d, disse.<\/p>\n<h2>Programa Mais Alimentos<\/h2>\n<p>Tamb\u00e9m na cerim\u00f4nia, os minist\u00e9rios do Desenvolvimento, Ind\u00fastria, Com\u00e9rcio e Servi\u00e7os (MDIC), do Desenvolvimento Agr\u00e1rio (MDA) e da Ci\u00eancia, Tecnologia e Inova\u00e7\u00e3o (MCTI) assinaram portaria que institui o Conselho Consultivo do Programa Mais Alimentos, com a participa\u00e7\u00e3o de representantes do governo, de entidades da agricultura familiar.<\/p>\n<\/div>\n<div>\n<p>\u201cNo primeiro ano do Mais Alimentos, o investimento em mecaniza\u00e7\u00e3o cresceu R$ 10 bilh\u00f5es, 33% em contrata\u00e7\u00e3o. Neste primeiro quadrimestre de Plano Safra, o investimento em m\u00e1quinas, tratores e implementos agr\u00edcolas e irriga\u00e7\u00e3o aumentou 30%\u201d, destacou Teixeira.<\/p>\n<p>\u201cQueremos cumprir a meta de 66% de tecnifica\u00e7\u00e3o da agricultura familiar em 2033 e de 35% de mecaniza\u00e7\u00e3o\u201d, apontou, citando metas da Nova Ind\u00fastria Brasil para a cadeia da agroind\u00fastria.<\/p>\n<p>Ainda no evento, o Minist\u00e9rio da Agricultura e a Petrobras assinaram acordo para \u201cfortalecer a produ\u00e7\u00e3o e o desenvolvimento de fertilizantes e insumos\u201d para nutri\u00e7\u00e3o vegetal.<\/p>\n<p>O acordo prev\u00ea a amplia\u00e7\u00e3o e moderniza\u00e7\u00e3o de instala\u00e7\u00f5es fabris para produ\u00e7\u00e3o nacional de fertilizantes; capacita\u00e7\u00e3o de profissionais; desenvolvimento de tecnologias avan\u00e7adas; aprimoramento da infraestrutura e log\u00edstica; transfer\u00eancia de tecnologia; al\u00e9m do desenvolvimento rural sustent\u00e1vel.<\/p>\n<\/p><\/div>\n<p><br \/>\n<br \/><a href=\"https:\/\/www.canalrural.com.br\/agricultura\/lula-assina-decreto-para-criar-programa-nacional-de-pesquisa-e-inovacao-da-agricultura-familiar\/\">Source link <\/a><\/p>\n","protected":false},"excerpt":{"rendered":"<p>O presidente da Rep\u00fablica, Luiz In\u00e1cio Lula da Silva, assinou nesta ter\u00e7a-feira (3), decreto para cria\u00e7\u00e3o do Programa Nacional de<\/p>\n","protected":false},"author":1,"featured_media":6012,"comment_status":"open","ping_status":"open","sticky":false,"template":"","format":"standard","meta":{"_monsterinsights_skip_tracking":false,"_monsterinsights_sitenote_active":false,"_monsterinsights_sitenote_note":"","_monsterinsights_sitenote_category":0,"_uf_show_specific_survey":0,"_uf_disable_surveys":false,"footnotes":""},"categories":[1],"tags":[],"class_list":["post-6011","post","type-post","status-publish","format-standard","has-post-thumbnail","hentry","category-news"],"_links":{"self":[{"href":"https:\/\/agromt.news\/index.php?rest_route=\/wp\/v2\/posts\/6011"}],"collection":[{"href":"https:\/\/agromt.news\/index.php?rest_route=\/wp\/v2\/posts"}],"about":[{"href":"https:\/\/agromt.news\/index.php?rest_route=\/wp\/v2\/types\/post"}],"author":[{"embeddable":true,"href":"https:\/\/agromt.news\/index.php?rest_route=\/wp\/v2\/users\/1"}],"replies":[{"embeddable":true,"href":"https:\/\/agromt.news\/index.php?rest_route=%2Fwp%2Fv2%2Fcomments&post=6011"}],"version-history":[{"count":0,"href":"https:\/\/agromt.news\/index.php?rest_route=\/wp\/v2\/posts\/6011\/revisions"}],"wp:featuredmedia":[{"embeddable":true,"href":"https:\/\/agromt.news\/index.php?rest_route=\/wp\/v2\/media\/6012"}],"wp:attachment":[{"href":"https:\/\/agromt.news\/index.php?rest_route=%2Fwp%2Fv2%2Fmedia&parent=6011"}],"wp:term":[{"taxonomy":"category","embeddable":true,"href":"https:\/\/agromt.news\/index.php?rest_route=%2Fwp%2Fv2%2Fcategories&post=6011"},{"taxonomy":"post_tag","embeddable":true,"href":"https:\/\/agromt.news\/index.php?rest_route=%2Fwp%2Fv2%2Ftags&post=6011"}],"curies":[{"name":"wp","href":"https:\/\/api.w.org\/{rel}","templated":true}]}}