{"id":5904,"date":"2024-12-02T08:14:26","date_gmt":"2024-12-02T12:14:26","guid":{"rendered":"https:\/\/agromt.news\/?p=5904"},"modified":"2024-12-02T08:14:26","modified_gmt":"2024-12-02T12:14:26","slug":"produtores-de-algodao-da-bahia-inauguram-o-maior-centro-de-analise-de-fibras-da-america-latina","status":"publish","type":"post","link":"https:\/\/agromt.news\/?p=5904","title":{"rendered":"Produtores de algod\u00e3o da Bahia inauguram o maior Centro de An\u00e1lise de Fibras da Am\u00e9rica Latina"},"content":{"rendered":"<p> <br \/>\n<\/p>\n<div>\n<p>A Associa\u00e7\u00e3o Baiana dos Produtores de Algod\u00e3o (Abapa) inaugurou na noite desta sexta-feira (29), o maior e mais moderno Centro de An\u00e1lise de Fibras da Am\u00e9rica Latina, em Lu\u00eds Eduardo Magalh\u00e3es, no Oeste da Bahia.<\/p>\n<p>A solenidade contou com a presen\u00e7a do governador da Bahia, Jer\u00f4nimo Rodrigues, lideran\u00e7as pol\u00edticas, empresariais e do setor agr\u00edcola de todo o pa\u00eds.<\/p>\n<p>Al\u00e9m das instala\u00e7\u00f5es da nova sede da entidade, a Abapa tamb\u00e9m apresentou os membros da diretoria eleita para o bi\u00eanio 2025\/26.<\/p>\n<figure class=\"wp-block-image size-large\"><img fetchpriority=\"high\" decoding=\"async\" width=\"1024\" height=\"684\" alt=\"inaugura\u00e7\u00e3o novo centro de an\u00e1lise de fibras da Abapa em Lu\u00eds Eduardo Magalh\u00e3es\" class=\"wp-image-4078485\"  data-lazy- src=\"https:\/\/agromt.news\/wp-content\/uploads\/2024\/12\/Produtores-de-algodao-da-Bahia-inauguram-o-maior-Centro-de.jpeg\"\/><img decoding=\"async\" width=\"1024\" height=\"684\" src=\"https:\/\/agromt.news\/wp-content\/uploads\/2024\/12\/Produtores-de-algodao-da-Bahia-inauguram-o-maior-Centro-de.jpeg\" alt=\"inaugura\u00e7\u00e3o novo centro de an\u00e1lise de fibras da Abapa em Lu\u00eds Eduardo Magalh\u00e3es\" class=\"wp-image-4078485\"  \/><figcaption class=\"wp-element-caption\">Foto: Divulga\u00e7\u00e3o\/ Abapa<\/figcaption><\/figure>\n<p> \u201cEstou muito feliz, pois esse \u00e9 um passo significativo para o fortalecimento do setor agr\u00edcola baiano e brasileiro. A inova\u00e7\u00e3o e o investimento em tecnologia, como esse novo centro, s\u00e3o essenciais para consolidarmos a Bahia como um grande polo de produ\u00e7\u00e3o de algod\u00e3o e para avan\u00e7armos no desenvolvimento sustent\u00e1vel do nosso agroneg\u00f3cio. Desejo sucesso \u00e0 nova diretoria, que tenho certeza que continuar\u00e1 desenvolvendo um excelente trabalho para a associa\u00e7\u00e3o e para a Bahia\u201d, destacou o governador da Bahia, Jer\u00f4nimo Rodrigues.<\/p>\n<h2 class=\"wp-block-heading\" id=\"h-a-estrutura\">A estrutura<\/h2>\n<p>A estrutura vai come\u00e7ar a operar j\u00e1 na pr\u00f3xima safra com 16 equipamentos HVI, capazes de realizar at\u00e9 34 mil an\u00e1lises di\u00e1rias. <\/p>\n<p>Com possibilidade de expans\u00e3o para 28 equipamentos, o centro poder\u00e1 atingir uma capacidade de 60 mil an\u00e1lises di\u00e1rias, garantindo agilidade e precis\u00e3o na classifica\u00e7\u00e3o do algod\u00e3o produzido na Bahia e tamb\u00e9m na \u00e1rea do entorno, como Tocantins.<\/p>\n<p>Localizado estrategicamente \u00e0s margens da BR-020, o novo complexo da Abapa em Lu\u00eds Eduardo Magalh\u00e3es ocupa uma \u00e1rea total de 10.442,60 m\u00b2, com 9.500 m\u00b2 de \u00e1rea constru\u00edda.<\/p>\n<p>A estrutura inclui uma sede administrativa moderna e funcional, um audit\u00f3rio com capacidade para 500 pessoas e o Museu do Algod\u00e3o, projetados para oferecer efici\u00eancia no atendimento aos associados e conforto para visitantes. <\/p>\n<p>Para Bergamaschi, toda esta estrutura \u00e9 resultado da uni\u00e3o dos produtores e do trabalho permanente com muitas parcerias, com as demais associa\u00e7\u00f5es, como a Aiba e Abrapa, e com o governo do estado e os munic\u00edpios.<\/p>\n<\/div>\n<div>\n<p>\u201cCom a nossa uni\u00e3o e foco, transcendemos o mero crescimento do setor algodoeiro. Otimizamos o tempo de isolamento imposto pela pandemia para darmos sequ\u00eancia \u00e0 melhoria cont\u00ednua da nossa associa\u00e7\u00e3o. Em nossa gest\u00e3o, nos \u00faltimos quatro anos, priorizamos a organiza\u00e7\u00e3o e o bem estar dos colaboradores e parceiros. Conclu\u00edmos a nossa miss\u00e3o neste momento com a inaugura\u00e7\u00e3o do novo centro e sede, degraus importante para continuarmos fortes e avan\u00e7ando em qualidade e competitividade no mercado do algod\u00e3o mundial. Ainda h\u00e1 muito a ser feito e tenho certeza que a pr\u00f3xima diretoria continuar\u00e1 defendendo com o mesmo prop\u00f3sito o setor do algod\u00e3o da Bahia e do Brasil\u201d, disse Luiz Carlos Bergamaschi, presidente da Abapa.<\/p>\n<h2 class=\"wp-block-heading\" id=\"h-nova-diretoria\">Nova diretoria<\/h2>\n<p>Durante a solenidade, os presentes tamb\u00e9m participaram da tradicional cerim\u00f4nia de posse da nova diretoria da Abapa para o bi\u00eanio 2025\/2026, j\u00e1 nas instala\u00e7\u00f5es da nova sede.<\/p>\n<p>Alessandra Zanotto Costa, atual primeira vice-presidente, foi empossada como presidente, sucedendo Luiz Carlos Bergamaschi, que encerra sua gest\u00e3o \u00e0 frente da associa\u00e7\u00e3o. <\/p>\n<figure class=\"wp-block-image size-large\"><img decoding=\"async\" width=\"1024\" height=\"684\" alt=\"inaugura\u00e7\u00e3o novo centro de an\u00e1lise de fibras da Abapa em Lu\u00eds Eduardo Magalh\u00e3es\" class=\"wp-image-4078483\"  data-lazy- src=\"https:\/\/agromt.news\/wp-content\/uploads\/2024\/12\/1733141666_872_Produtores-de-algodao-da-Bahia-inauguram-o-maior-Centro-de.jpeg\"\/><img loading=\"lazy\" decoding=\"async\" width=\"1024\" height=\"684\" src=\"https:\/\/agromt.news\/wp-content\/uploads\/2024\/12\/1733141666_872_Produtores-de-algodao-da-Bahia-inauguram-o-maior-Centro-de.jpeg\" alt=\"inaugura\u00e7\u00e3o novo centro de an\u00e1lise de fibras da Abapa em Lu\u00eds Eduardo Magalh\u00e3es\" class=\"wp-image-4078483\"  \/><figcaption class=\"wp-element-caption\">Foto: Divulga\u00e7\u00e3o\/ Abapa<\/figcaption><\/figure>\n<p>S\u00f3cia-diretora do Grupo Zanotto, Alessandra tem constru\u00eddo um legado com olhar da inova\u00e7\u00e3o e na sustentabilidade, sendo considerada uma das principais lideran\u00e7as do setor do agroneg\u00f3cio nacional.<\/p>\n<p>Alessandra Zanotto Costa integra os comit\u00eas Women in Cotton, da Internacional Cotton Association (ICA) e faz parte do seleto grupo Forbes Mulher Agro, da Forbes Brasil. Al\u00e9m de vice-presidente da Abapa nos \u00faltimos oito anos, \u00e9 atualmente 1\u00aa conselheira fiscal da Associa\u00e7\u00e3o Brasileira dos Produtores de Algod\u00e3o (Abrapa).<\/p>\n<p>Para mim, liderar a Abapa \u00e9 mais que um marco coletivo; \u00e9 tamb\u00e9m um marco pessoal. Pessoal, porque trago comigo hist\u00f3rias e sonhos. A hist\u00f3ria de uma mulher que acredita no potencial da cotonicultura baiana e sonha em lev\u00e1-la ainda mais longe. De algu\u00e9m que, h\u00e1 8 anos, se imaginou aqui, com o desejo de ocupar esse lugar \u2014 n\u00e3o por mim apenas, mas pela nossa regi\u00e3o\u201d, destacou a nova presidente durante o discurso de posse.<\/p>\n<hr class=\"wp-block-separator has-alpha-channel-opacity\"\/>\n<p><em>Siga o\u00a0<a href=\"https:\/\/www.instagram.com\/canalruralbahia\/\">Canal Rural Bahia no Instagram<\/a>! Voc\u00ea tamb\u00e9m pode participar deixando uma sugest\u00e3o de pauta. Clique\u00a0<a href=\"https:\/\/wa.me\/5577999455066\"><strong>aqui<\/strong><\/a>\u00a0e envie uma mensagem para o nosso WhatsApp<\/em>!<\/p>\n<\/p><\/div>\n<p><script async src=\"\/\/www.instagram.com\/embed.js\"><\/script><br \/>\n<br \/><br \/>\n<br \/><a href=\"https:\/\/www.canalrural.com.br\/nacional\/bahia\/produtores-de-algodao-da-bahia-inauguram-o-maior-centro-de-analise-de-fibras-da-america-latina\/\">Source link <\/a><\/p>\n","protected":false},"excerpt":{"rendered":"<p>A Associa\u00e7\u00e3o Baiana dos Produtores de Algod\u00e3o (Abapa) inaugurou na noite desta sexta-feira (29), o maior e mais moderno Centro<\/p>\n","protected":false},"author":1,"featured_media":5905,"comment_status":"open","ping_status":"open","sticky":false,"template":"","format":"standard","meta":{"_monsterinsights_skip_tracking":false,"_monsterinsights_sitenote_active":false,"_monsterinsights_sitenote_note":"","_monsterinsights_sitenote_category":0,"_uf_show_specific_survey":0,"_uf_disable_surveys":false,"footnotes":""},"categories":[1],"tags":[],"class_list":["post-5904","post","type-post","status-publish","format-standard","has-post-thumbnail","hentry","category-news"],"_links":{"self":[{"href":"https:\/\/agromt.news\/index.php?rest_route=\/wp\/v2\/posts\/5904"}],"collection":[{"href":"https:\/\/agromt.news\/index.php?rest_route=\/wp\/v2\/posts"}],"about":[{"href":"https:\/\/agromt.news\/index.php?rest_route=\/wp\/v2\/types\/post"}],"author":[{"embeddable":true,"href":"https:\/\/agromt.news\/index.php?rest_route=\/wp\/v2\/users\/1"}],"replies":[{"embeddable":true,"href":"https:\/\/agromt.news\/index.php?rest_route=%2Fwp%2Fv2%2Fcomments&post=5904"}],"version-history":[{"count":0,"href":"https:\/\/agromt.news\/index.php?rest_route=\/wp\/v2\/posts\/5904\/revisions"}],"wp:featuredmedia":[{"embeddable":true,"href":"https:\/\/agromt.news\/index.php?rest_route=\/wp\/v2\/media\/5905"}],"wp:attachment":[{"href":"https:\/\/agromt.news\/index.php?rest_route=%2Fwp%2Fv2%2Fmedia&parent=5904"}],"wp:term":[{"taxonomy":"category","embeddable":true,"href":"https:\/\/agromt.news\/index.php?rest_route=%2Fwp%2Fv2%2Fcategories&post=5904"},{"taxonomy":"post_tag","embeddable":true,"href":"https:\/\/agromt.news\/index.php?rest_route=%2Fwp%2Fv2%2Ftags&post=5904"}],"curies":[{"name":"wp","href":"https:\/\/api.w.org\/{rel}","templated":true}]}}