{"id":5901,"date":"2024-12-02T07:54:37","date_gmt":"2024-12-02T11:54:37","guid":{"rendered":"https:\/\/agromt.news\/?p=5901"},"modified":"2024-12-02T07:54:37","modified_gmt":"2024-12-02T11:54:37","slug":"dolar-fecha-em-alta-de-076-em-meio-a-escalada-do-conflito-russia-ucrania","status":"publish","type":"post","link":"https:\/\/agromt.news\/?p=5901","title":{"rendered":"D\u00f3lar fecha em alta de 0,76% em meio \u00e0 escalada do conflito R\u00fassia-Ucr\u00e2nia"},"content":{"rendered":"<p> <br \/>\n<\/p>\n<div>\n<p><img decoding=\"async\" alt=\"Logotipo Reuters\" height=\"22\" src=\"https:\/\/cdn.noticiasagricolas.com.br\/dbimagens\/0f687b0f35da9d220b6477534ce7c667.gif\" width=\"71\"\/><\/p>\n<p>\u00a0<\/p>\n<p>Por Fabricio de Castro<\/p>\n<p>S\u00c3O PAULO (Reuters) &#8211; O d\u00f3lar fechou a quinta-feira p\u00f3s-feriado no Brasil em alta, novamente acima dos 5,80 reais, com as cota\u00e7\u00f5es acompanhando o avan\u00e7o da moeda norte-americana no exterior em meio \u00e0 escalada do conflito entre R\u00fassia e Ucr\u00e2nia no leste europeu.<\/p>\n<p>O d\u00f3lar \u00e0 vista fechou o dia com avan\u00e7o de 0,76%, cotado a 5,8117 reais. Esta \u00e9 a maior cota\u00e7\u00e3o de fechamento desde 1\u00ba de novembro, quando a divisa encerrou a 5,8699 reais. Em novembro a divisa acumula alta de 0,52%.<\/p>\n<p>\u00c0s 17h23, o d\u00f3lar para dezembro &#8212; o mais l\u00edquido atualmente no Brasil &#8212; subia 0,61%, aos 5,8175 reais.<\/p>\n<p>A moeda norte-americana operou em alta ante o real durante todo o dia, em meio \u00e0 avers\u00e3o global ao risco com a escalada do conflito entre R\u00fassia e Ucr\u00e2nia.<\/p>\n<p>Enquanto Kiev acusou Moscou de utilizar um m\u00edssil bal\u00edstico intercontinental para atacar seu territ\u00f3rio &#8212; um artefato com alcance de milhares de quil\u00f4metros e capacidade nuclear &#8211;, a R\u00fassia disse que uma nova base de defesa dos EUA contra m\u00edsseis bal\u00edsticos no norte da Pol\u00f4nia levar\u00e1 a um aumento no n\u00edvel geral de perigo nuclear.<\/p>\n<p>Com a press\u00e3o vinda do exterior, o d\u00f3lar \u00e0 vista oscilou entre a cota\u00e7\u00e3o m\u00ednima de 5,7826 reais (+0,25%) \u00e0s 9h02, logo ap\u00f3s a abertura, e a m\u00e1xima de 5,8342 reais (+1,15%) \u00e0s 13h51.<\/p>\n<p>Operador ouvido pela Reuters pontuou que o exterior conduziu os neg\u00f3cios, deixando em segundo plano as quest\u00f5es locais, como a expectativa pela divulga\u00e7\u00e3o do pacote de medidas fiscais do governo Lula.<\/p>\n<p>Tamb\u00e9m ficou em segundo plano, sem impactos sobre as cota\u00e7\u00f5es, a not\u00edcia de que a Pol\u00edcia Federal indiciou o ex-presidente Jair Bolsonaro por tentativa de golpe de Estado, al\u00e9m de outras 36 pessoas, entre elas o candidato a vice na chapa bolsonarista na elei\u00e7\u00e3o de 2022, o general da reserva Walter Braga Netto.<\/p>\n<p>No fim da manh\u00e3 o Banco Central vendeu todos os 15.000 contratos de swap cambial tradicional ofertados em leil\u00e3o para rolagem do vencimento de 2 de janeiro de 2025.<\/p>\n<p>\u00c0s 17h22, o \u00edndice do d\u00f3lar &#8212; que mede o desempenho da moeda norte-americana frente a uma cesta de seis divisas &#8212; subia 0,37%, a 107,000.<\/p>\n<p>Na quarta-feira, o mercado dom\u00e9stico de c\u00e2mbio permaneceu fechado com o feriado nacional do Dia da Consci\u00eancia Negra.<\/p>\n<\/p><\/div>\n<p><script async defer src=\"https:\/\/connect.facebook.net\/en_US\/sdk.js\" type=\"af50a05238381315fc8145f4-text\/javascript\"><\/script><script type=\"af50a05238381315fc8145f4-text\/javascript\">\n  !function(f,b,e,v,n,t,s)\n  {if(f.fbq)return;n=f.fbq=function(){n.callMethod?\n    n.callMethod.apply(n,arguments):n.queue.push(arguments)};\n    if(!f._fbq)f._fbq=n;n.push=n;n.loaded=!0;n.version='2.0';\n    n.queue=[];t=b.createElement(e);t.async=!0;\n    t.src=v;s=b.getElementsByTagName(e)[0];\n    s.parentNode.insertBefore(t,s)}(window, document,'script',\n    'https:\/\/connect.facebook.net\/en_US\/fbevents.js');\n  fbq('init', '153495679422335');\n  fbq('track', 'PageView');\n<\/script><br \/>\n<br \/><br \/>\n<br \/><a href=\"https:\/\/www.noticiasagricolas.com.br\/noticias\/politica-economia\/389170-dolar-fecha-em-alta-de-076-em-meio-a-escalada-do-conflito-russia-ucrania.html\">Source link <\/a><\/p>\n","protected":false},"excerpt":{"rendered":"<p>\u00a0 Por Fabricio de Castro S\u00c3O PAULO (Reuters) &#8211; O d\u00f3lar fechou a quinta-feira p\u00f3s-feriado no Brasil em alta, novamente<\/p>\n","protected":false},"author":1,"featured_media":5902,"comment_status":"open","ping_status":"open","sticky":false,"template":"","format":"standard","meta":{"_monsterinsights_skip_tracking":false,"_monsterinsights_sitenote_active":false,"_monsterinsights_sitenote_note":"","_monsterinsights_sitenote_category":0,"_uf_show_specific_survey":0,"_uf_disable_surveys":false,"footnotes":""},"categories":[8,1,14,16],"tags":[],"class_list":["post-5901","post","type-post","status-publish","format-standard","has-post-thumbnail","hentry","category-agro","category-news","category-politica-agro","category-safra"],"_links":{"self":[{"href":"https:\/\/agromt.news\/index.php?rest_route=\/wp\/v2\/posts\/5901"}],"collection":[{"href":"https:\/\/agromt.news\/index.php?rest_route=\/wp\/v2\/posts"}],"about":[{"href":"https:\/\/agromt.news\/index.php?rest_route=\/wp\/v2\/types\/post"}],"author":[{"embeddable":true,"href":"https:\/\/agromt.news\/index.php?rest_route=\/wp\/v2\/users\/1"}],"replies":[{"embeddable":true,"href":"https:\/\/agromt.news\/index.php?rest_route=%2Fwp%2Fv2%2Fcomments&post=5901"}],"version-history":[{"count":0,"href":"https:\/\/agromt.news\/index.php?rest_route=\/wp\/v2\/posts\/5901\/revisions"}],"wp:featuredmedia":[{"embeddable":true,"href":"https:\/\/agromt.news\/index.php?rest_route=\/wp\/v2\/media\/5902"}],"wp:attachment":[{"href":"https:\/\/agromt.news\/index.php?rest_route=%2Fwp%2Fv2%2Fmedia&parent=5901"}],"wp:term":[{"taxonomy":"category","embeddable":true,"href":"https:\/\/agromt.news\/index.php?rest_route=%2Fwp%2Fv2%2Fcategories&post=5901"},{"taxonomy":"post_tag","embeddable":true,"href":"https:\/\/agromt.news\/index.php?rest_route=%2Fwp%2Fv2%2Ftags&post=5901"}],"curies":[{"name":"wp","href":"https:\/\/api.w.org\/{rel}","templated":true}]}}