{"id":5885,"date":"2024-12-01T14:35:48","date_gmt":"2024-12-01T18:35:48","guid":{"rendered":"https:\/\/agromt.news\/?p=5885"},"modified":"2024-12-01T14:35:48","modified_gmt":"2024-12-01T18:35:48","slug":"leu-essa-frigorificos-suspendem-carne-ao-carrefour","status":"publish","type":"post","link":"https:\/\/agromt.news\/?p=5885","title":{"rendered":"Leu essa? Frigor\u00edficos suspendem carne ao Carrefour"},"content":{"rendered":"<p> <br \/>\n<br \/><img decoding=\"async\" src=\"https:\/\/agromt.news\/wp-content\/uploads\/2024\/11\/carne-bovina-outubro-historico-boletim-agroexport.jpg\" \/><\/p>\n<div>\n<p>Uma das <a href=\"https:\/\/www.canalrural.com.br\/\">mat\u00e9rias mais acessadas<\/a> nos \u00faltimos dias foi sobre a suspens\u00e3o do fornecimento de carne bovina para as lojas Carrefour no Brasil, tomada pelos principais frigor\u00edficos brasileiros. A decis\u00e3o foi uma resposta a uma declara\u00e7\u00e3o do CEO global do grupo, que afirmou que a rede de supermercados n\u00e3o venderia mais carne proveniente do Mercosul em determinados mercados, como forma de apoiar os produtores rurais de outros pa\u00edses.<\/p>\n<p>Embora a rede Carrefour j\u00e1 n\u00e3o oferecesse carne de origem Mercosul no Brasil, a declara\u00e7\u00e3o gerou uma rea\u00e7\u00e3o imediata do setor agropecu\u00e1rio. A Associa\u00e7\u00e3o Brasileira das Ind\u00fastrias Exportadoras de Carnes (Abiec) confirmou a paralisa\u00e7\u00e3o no abastecimento de carne nas lojas Carrefour, Sam\u2019s Club e Atacad\u00e3o, que pertencem ao grupo. A medida afeta cerca de 1.180 lojas no pa\u00eds.<\/p>\n<\/div>\n<div>\n<p>O Grupo Carrefour Brasil, no entanto, informou que n\u00e3o h\u00e1 desabastecimento do produto em suas lojas. Seis entidades do agroneg\u00f3cio divulgaram uma nota repudiando a postura do Carrefour, afirmando que, se a carne do Mercosul n\u00e3o \u00e9 adequada para o mercado franc\u00eas, n\u00e3o deveria ser oferecida em nenhum outro pa\u00eds onde o grupo tem presen\u00e7a.<\/p>\n<p>Em resposta \u00e0 declara\u00e7\u00e3o do CEO, as ind\u00fastrias de carne bovina come\u00e7aram a suspender as entregas ao Carrefour no Brasil, e o processo dever\u00e1 se expandir nos pr\u00f3ximos dias. O setor aguarda uma retrata\u00e7\u00e3o do executivo franc\u00eas para retomar as entregas \u00e0s lojas do grupo. A disputa pode afetar a rela\u00e7\u00e3o comercial entre as partes e repercutir no com\u00e9rcio de carne bovina entre o Brasil e outros mercados internacionais.<\/p>\n<\/p><\/div>\n<p><br \/>\n<br \/><a href=\"https:\/\/www.canalrural.com.br\/pecuaria\/leu-essa-leu-frigorificos-suspendem-carne-ao-carrefour\/\">Source link <\/a><\/p>\n","protected":false},"excerpt":{"rendered":"<p>Uma das mat\u00e9rias mais acessadas nos \u00faltimos dias foi sobre a suspens\u00e3o do fornecimento de carne bovina para as lojas<\/p>\n","protected":false},"author":1,"featured_media":5816,"comment_status":"open","ping_status":"open","sticky":false,"template":"","format":"standard","meta":{"_monsterinsights_skip_tracking":false,"_monsterinsights_sitenote_active":false,"_monsterinsights_sitenote_note":"","_monsterinsights_sitenote_category":0,"_uf_show_specific_survey":0,"_uf_disable_surveys":false,"footnotes":""},"categories":[1],"tags":[],"class_list":["post-5885","post","type-post","status-publish","format-standard","has-post-thumbnail","hentry","category-news"],"_links":{"self":[{"href":"https:\/\/agromt.news\/index.php?rest_route=\/wp\/v2\/posts\/5885"}],"collection":[{"href":"https:\/\/agromt.news\/index.php?rest_route=\/wp\/v2\/posts"}],"about":[{"href":"https:\/\/agromt.news\/index.php?rest_route=\/wp\/v2\/types\/post"}],"author":[{"embeddable":true,"href":"https:\/\/agromt.news\/index.php?rest_route=\/wp\/v2\/users\/1"}],"replies":[{"embeddable":true,"href":"https:\/\/agromt.news\/index.php?rest_route=%2Fwp%2Fv2%2Fcomments&post=5885"}],"version-history":[{"count":0,"href":"https:\/\/agromt.news\/index.php?rest_route=\/wp\/v2\/posts\/5885\/revisions"}],"wp:featuredmedia":[{"embeddable":true,"href":"https:\/\/agromt.news\/index.php?rest_route=\/wp\/v2\/media\/5816"}],"wp:attachment":[{"href":"https:\/\/agromt.news\/index.php?rest_route=%2Fwp%2Fv2%2Fmedia&parent=5885"}],"wp:term":[{"taxonomy":"category","embeddable":true,"href":"https:\/\/agromt.news\/index.php?rest_route=%2Fwp%2Fv2%2Fcategories&post=5885"},{"taxonomy":"post_tag","embeddable":true,"href":"https:\/\/agromt.news\/index.php?rest_route=%2Fwp%2Fv2%2Ftags&post=5885"}],"curies":[{"name":"wp","href":"https:\/\/api.w.org\/{rel}","templated":true}]}}