{"id":5881,"date":"2024-12-01T12:22:32","date_gmt":"2024-12-01T16:22:32","guid":{"rendered":"https:\/\/agromt.news\/?p=5881"},"modified":"2024-12-01T12:22:32","modified_gmt":"2024-12-01T16:22:32","slug":"finalistas-do-premio-cna-brasil-artesanal-de-mel-participam-de-congresso","status":"publish","type":"post","link":"https:\/\/agromt.news\/?p=5881","title":{"rendered":"Finalistas do pr\u00eamio &#8216;CNA Brasil Artesanal de Mel&#8217; participam de congresso"},"content":{"rendered":"<p> <br \/>\n<br \/><img decoding=\"async\" src=\"https:\/\/agromt.news\/wp-content\/uploads\/2024\/12\/Finalistas-do-premio-CNA-Brasil-Artesanal-de-Mel-participam-de.jpg\" \/><\/p>\n<div>\n<p>A Confedera\u00e7\u00e3o da Agricultura e Pecu\u00e1ria do Brasil (<a href=\"https:\/\/www.cnabrasil.org.br\/cna\">CNA<\/a>), em parceria com o Sebrae por meio do programa Juntos Pelo Agro, marca presen\u00e7a no XXIV Congresso Brasileiro de Apicultura e Meliponicultura (Conbrapi).Realizado de 27 a 30 de novembro, em Aparecida (SP), a confedera\u00e7\u00e3o contou com a participa\u00e7\u00e3o de seis <a href=\"https:\/\/www.canalrural.com.br\/?s=produtores+\">produtores <\/a>rurais finalistas do Pr\u00eamio CNA Brasil Artesanal 2024. <\/p>\n<p>Os finalistas do Pr\u00eamio CNA Brasil Artesanal 2024 t\u00eam a oportunidade de expor e comercializar seus produtos na Feira de Neg\u00f3cios do XXIV Congresso Brasileiro de Apicultura e Meliponicultura (Conbrapi), que re\u00fane especialistas, apicultores, meliponicultores e empresas do setor, al\u00e9m de oferecer workshops, palestras e exposi\u00e7\u00f5es.<\/p>\n<p>Para Kalinka Koza, assessora t\u00e9cnica da CNA, o evento \u00e9 uma plataforma \u00fanica para troca de conhecimentos e fortalecimento da cadeia produtiva do mel no Brasil. Ela destaca que a participa\u00e7\u00e3o dos produtores vai al\u00e9m da comercializa\u00e7\u00e3o, proporcionando contato com inova\u00e7\u00f5es do setor.<\/p>\n<p>Na categoria mel claro, os finalistas s\u00e3o Nivaldo Alves da Silva (Api\u00e1rio Sul de Minas), Verno Luis Luneburger (Api\u00e1rio Tr\u00eas Coqueiros) e Joaquim Ribeiro de Oliveira (ApisBC). Iara da Silva Marinho, do ApisBC, enfatiza a import\u00e2ncia da visibilidade adquirida por pequenos produtores no evento. <\/p>\n<\/div>\n<div>\n<p>Nivaldo Alves da Silva, do Api\u00e1rio Sul de Minas, observa que o pr\u00eamio aumentou a visibilidade de seus produtos e ajudou a fortalecer sua marca. Ele destaca que o Congresso oferece uma oportunidade valiosa para estreitar rela\u00e7\u00f5es com apicultores de todo o Brasil e impulsionar o neg\u00f3cio.<\/p>\n<p>Na categoria mel escuro, os finalistas incluem Validinei da Concei\u00e7\u00e3o (Associa\u00e7\u00e3o dos Apicultores da Agricultura Familiar de Corumb\u00e1 Florada Pantaneira), Thiago Tineli (Apicultura Tineli) e Jaime Venturin (Apicultura Venturin). Caroline Maciel da Costa, representante da Apicultura Venturin, afirma que eventos como o Conbrapi s\u00e3o essenciais para divulgar o mel de Melato de Bracatinga e ampliar os neg\u00f3cios. \u201cAs palestras cient\u00edficas e as oportunidades de networking s\u00e3o essenciais para nosso desenvolvimento\u201d, destaca.<\/p>\n<p>A participa\u00e7\u00e3o dos produtores no Conbrapi \u00e9 viabilizada pelo programa Juntos Pelo Agro, que apoia o desenvolvimento do setor rural e fortalece o ambiente de neg\u00f3cios do agroneg\u00f3cio brasileiro. A iniciativa tem sido fundamental para conectar os produtores a novos mercados e divulgar seus produtos em todo o Brasil e no exterior.<\/p>\n<p>O Pr\u00eamio CNA Brasil Artesanal visa valorizar os pequenos e m\u00e9dios produtores rurais e reconhecer a qualidade e tradi\u00e7\u00e3o em suas produ\u00e7\u00f5es. Desde 2019, o concurso tem promovido diversas categorias de alimentos artesanais, como chocolates, queijos, cacha\u00e7as, salames, mel e outros produtos, com o objetivo de impulsionar a profissionaliza\u00e7\u00e3o e agregar valor \u00e0 produ\u00e7\u00e3o rural. <\/p>\n<\/p><\/div>\n<p><br \/>\n<br \/><a href=\"https:\/\/www.canalrural.com.br\/agricultura\/agronegocio\/finalistas-do-premio-cna-brasil-artesanal-de-mel-participam-de-congresso\/\">Source link <\/a><\/p>\n","protected":false},"excerpt":{"rendered":"<p>A Confedera\u00e7\u00e3o da Agricultura e Pecu\u00e1ria do Brasil (CNA), em parceria com o Sebrae por meio do programa Juntos Pelo<\/p>\n","protected":false},"author":1,"featured_media":5882,"comment_status":"open","ping_status":"open","sticky":false,"template":"","format":"standard","meta":{"_monsterinsights_skip_tracking":false,"_monsterinsights_sitenote_active":false,"_monsterinsights_sitenote_note":"","_monsterinsights_sitenote_category":0,"_uf_show_specific_survey":0,"_uf_disable_surveys":false,"footnotes":""},"categories":[1],"tags":[],"class_list":["post-5881","post","type-post","status-publish","format-standard","has-post-thumbnail","hentry","category-news"],"_links":{"self":[{"href":"https:\/\/agromt.news\/index.php?rest_route=\/wp\/v2\/posts\/5881"}],"collection":[{"href":"https:\/\/agromt.news\/index.php?rest_route=\/wp\/v2\/posts"}],"about":[{"href":"https:\/\/agromt.news\/index.php?rest_route=\/wp\/v2\/types\/post"}],"author":[{"embeddable":true,"href":"https:\/\/agromt.news\/index.php?rest_route=\/wp\/v2\/users\/1"}],"replies":[{"embeddable":true,"href":"https:\/\/agromt.news\/index.php?rest_route=%2Fwp%2Fv2%2Fcomments&post=5881"}],"version-history":[{"count":0,"href":"https:\/\/agromt.news\/index.php?rest_route=\/wp\/v2\/posts\/5881\/revisions"}],"wp:featuredmedia":[{"embeddable":true,"href":"https:\/\/agromt.news\/index.php?rest_route=\/wp\/v2\/media\/5882"}],"wp:attachment":[{"href":"https:\/\/agromt.news\/index.php?rest_route=%2Fwp%2Fv2%2Fmedia&parent=5881"}],"wp:term":[{"taxonomy":"category","embeddable":true,"href":"https:\/\/agromt.news\/index.php?rest_route=%2Fwp%2Fv2%2Fcategories&post=5881"},{"taxonomy":"post_tag","embeddable":true,"href":"https:\/\/agromt.news\/index.php?rest_route=%2Fwp%2Fv2%2Ftags&post=5881"}],"curies":[{"name":"wp","href":"https:\/\/api.w.org\/{rel}","templated":true}]}}