{"id":5878,"date":"2024-12-01T11:48:26","date_gmt":"2024-12-01T15:48:26","guid":{"rendered":"https:\/\/agromt.news\/?p=5878"},"modified":"2024-12-01T11:48:26","modified_gmt":"2024-12-01T15:48:26","slug":"como-fica-o-tempo-no-inicio-de-dezembro-leia-a-previsao-completa","status":"publish","type":"post","link":"https:\/\/agromt.news\/?p=5878","title":{"rendered":"Como fica o tempo no in\u00edcio de dezembro? Leia a previs\u00e3o completa"},"content":{"rendered":"<p> <br \/>\n<br \/><img decoding=\"async\" src=\"https:\/\/agromt.news\/wp-content\/uploads\/2024\/10\/Frente-fria-chega-ao-Sudeste-trazendo-pancadas-de-chuva-e.jpg\" \/><\/p>\n<div>\n<p>A <a href=\"https:\/\/www.canalrural.com.br\/?s=previs%C3%A3o+do+tempo\">previs\u00e3o do tempo<\/a> para a semana de 2 a 6 de dezembro indica mudan\u00e7as nas condi\u00e7\u00f5es clim\u00e1ticas em todo o Brasil. O avan\u00e7o de frentes frias e \u00e1reas de instabilidade geram chuvas, temporais e varia\u00e7\u00f5es de temperatura, o que impacta as atividades agr\u00edcolas e a rotina dos produtores em diferentes regi\u00f5es do pa\u00eds.<\/p>\n<h2 class=\"wp-block-heading\" id=\"h-o-tempo-no-sul\">O tempo no Sul<\/h2>\n<p>A semana come\u00e7a com chuvas em grande parte da Regi\u00e3o Sul, impulsionadas pela chegada de uma frente fria. Os tr\u00eas estados da regi\u00e3o est\u00e3o na rota de temporais, com risco de raios, trovoadas e ventanias. O Paran\u00e1 ser\u00e1 o estado mais afetado entre ter\u00e7a e quarta-feira, com possibilidade de quedas de granizo e rajadas de vento superiores a 70 km\/h. <\/p>\n<p>Durante os pr\u00f3ximos cinco dias, o acumulado de chuva ficar\u00e1 entre 50 e 70 mm nos tr\u00eas estados. Ap\u00f3s o sistema frontal, o ar mais frio predomina, mas sem risco de geada. Embora a umidade favore\u00e7a a safra 24\/25, a finaliza\u00e7\u00e3o da colheita dos cultivos de inverno pode ser prejudicada.<\/p>\n<h2 class=\"wp-block-heading\" id=\"h-e-no-sudeste\">E no Sudeste? <\/h2>\n<p>Em S\u00e3o Paulo, Tri\u00e2ngulo Mineiro, o oeste e a Zona da Mata de Minas Gerais, al\u00e9m do interior do Rio de Janeiro e Esp\u00edrito Santo, a previs\u00e3o \u00e9 de chuvas fortes, com raios e trovoadas. O acumulado de precipita\u00e7\u00e3o nos pr\u00f3ximos cinco dias ser\u00e1 grande, especialmente no estado de S\u00e3o Paulo, centro-sul de Minas Gerais e Rio de Janeiro, com volumes superiores a 100 mm. <\/p>\n<p>Apesar dos temporais, a chuva \u00e9 ben\u00e9fica para essas regi\u00f5es, principalmente para o solo e as lavouras. No Esp\u00edrito Santo, o volume de chuva ficar\u00e1 abaixo de 30 mm, o que ajudar\u00e1 a manter a boa umidade do solo sem prejudicar os trabalhos em campo.<\/p>\n<h2 class=\"wp-block-heading\" id=\"h-centro-oeste\">Centro-Oeste <\/h2>\n<p>A segunda-feira (2), na Regi\u00e3o Centro-Oeste, come\u00e7a com per\u00edodos de sol, mas ainda h\u00e1 previs\u00e3o de pancadas de chuva, especialmente em Mato Grosso, com sensa\u00e7\u00e3o de abafamento. O tempo ser\u00e1 inst\u00e1vel no norte e noroeste de Mato Grosso do Sul, Goi\u00e1s e no Distrito Federal, com risco de trovoadas. <\/p>\n<\/div>\n<div>\n<p>O acumulado de chuva nos pr\u00f3ximos cinco dias ser\u00e1 de 100 a 150 mm nas \u00e1reas produtoras de Mato Grosso e Goi\u00e1s, o que ajudar\u00e1 a manter a boa umidade do solo, mas pode prejudicar os trabalhos em campo e afetar o desenvolvimento inicial das lavouras devido \u00e0 falta de luminosidade. <\/p>\n<p>Em Mato Grosso do Sul, o acumulado deve ficar em torno de 50 mm, ajudando na recupera\u00e7\u00e3o das pastagens e aliviando o calor. No centro-leste de MS, o volume pode ultrapassar os 100 mm, melhorando o quadro de d\u00e9ficit h\u00eddrico nas lavouras.<\/p>\n<h2 class=\"wp-block-heading\" id=\"h-tempo-seco-no-nordeste\">Tempo seco no Nordeste <\/h2>\n<p>O Nordeste come\u00e7ar\u00e1 a semana com tempo ensolarado e sem previs\u00e3o de chuvas, devido \u00e0 presen\u00e7a de uma massa de ar seco. As temperaturas devem ultrapassar os 30\u00b0C, com umidade relativa abaixo de 30%. No entanto, entre os dias 2 e 6 de dezembro, h\u00e1 previs\u00e3o de chuvas nos estados do Cear\u00e1, Rio Grande do Norte e Para\u00edba, com acumulados entre 50 e 70 mm. Essas chuvas devem aliviar o calor e s\u00e3o ben\u00e9ficas para a safra 24\/25. <\/p>\n<p>Al\u00e9m disso, o oeste da Bahia, Piau\u00ed e Maranh\u00e3o tamb\u00e9m ter\u00e3o precipita\u00e7\u00f5es, com temporais ocasionais causados por um V\u00f3rtice Cicl\u00f4nico de Altos N\u00edveis (VCAN). A faixa leste da Bahia e o Paran\u00e1 ter\u00e3o uma semana quente e seca, com chuvas abaixo de 10 mm e temperaturas podendo chegar aos 35\u00b0C.<\/p>\n<h2 class=\"wp-block-heading\" id=\"h-tem-expectativa-de-chuva-no-norte\">Tem expectativa de chuva no Norte?<\/h2>\n<p>No Norte, o tempo ser\u00e1 predominantemente ensolarado, mas no Amap\u00e1 e em Roraima, as chuvas ser\u00e3o passageiras e finas. O acumulado de chuva nos pr\u00f3ximos cinco dias ficar\u00e1 entre 50 e 70 mm, o que ajudar\u00e1 a manter a boa umidade do solo e favorecer a implementa\u00e7\u00e3o das safras de ver\u00e3o. <\/p>\n<p>No centro-norte do Par\u00e1, a previs\u00e3o \u00e9 otimista, com o retorno da umidade acelerando os trabalhos para a safra 24\/25. Os rios da regi\u00e3o continuam em recupera\u00e7\u00e3o, com o Rio Madeira e o Rio Negro novamente trafeg\u00e1veis. Outros rios, como o Tapaj\u00f3s, ainda operam com 50% da sua capacidade, mas espera-se que a situa\u00e7\u00e3o se normalize at\u00e9 o final de dezembro ou in\u00edcio de 2025.<\/p>\n<\/p><\/div>\n<p><br \/>\n<br \/><a href=\"https:\/\/www.canalrural.com.br\/tempo\/como-fica-o-tempo-no-inicio-de-dezembro-leia-a-previsao-completa\/\">Source link <\/a><\/p>\n","protected":false},"excerpt":{"rendered":"<p>A previs\u00e3o do tempo para a semana de 2 a 6 de dezembro indica mudan\u00e7as nas condi\u00e7\u00f5es clim\u00e1ticas em todo<\/p>\n","protected":false},"author":1,"featured_media":3016,"comment_status":"open","ping_status":"open","sticky":false,"template":"","format":"standard","meta":{"_monsterinsights_skip_tracking":false,"_monsterinsights_sitenote_active":false,"_monsterinsights_sitenote_note":"","_monsterinsights_sitenote_category":0,"_uf_show_specific_survey":0,"_uf_disable_surveys":false,"footnotes":""},"categories":[1],"tags":[],"class_list":["post-5878","post","type-post","status-publish","format-standard","has-post-thumbnail","hentry","category-news"],"_links":{"self":[{"href":"https:\/\/agromt.news\/index.php?rest_route=\/wp\/v2\/posts\/5878"}],"collection":[{"href":"https:\/\/agromt.news\/index.php?rest_route=\/wp\/v2\/posts"}],"about":[{"href":"https:\/\/agromt.news\/index.php?rest_route=\/wp\/v2\/types\/post"}],"author":[{"embeddable":true,"href":"https:\/\/agromt.news\/index.php?rest_route=\/wp\/v2\/users\/1"}],"replies":[{"embeddable":true,"href":"https:\/\/agromt.news\/index.php?rest_route=%2Fwp%2Fv2%2Fcomments&post=5878"}],"version-history":[{"count":0,"href":"https:\/\/agromt.news\/index.php?rest_route=\/wp\/v2\/posts\/5878\/revisions"}],"wp:featuredmedia":[{"embeddable":true,"href":"https:\/\/agromt.news\/index.php?rest_route=\/wp\/v2\/media\/3016"}],"wp:attachment":[{"href":"https:\/\/agromt.news\/index.php?rest_route=%2Fwp%2Fv2%2Fmedia&parent=5878"}],"wp:term":[{"taxonomy":"category","embeddable":true,"href":"https:\/\/agromt.news\/index.php?rest_route=%2Fwp%2Fv2%2Fcategories&post=5878"},{"taxonomy":"post_tag","embeddable":true,"href":"https:\/\/agromt.news\/index.php?rest_route=%2Fwp%2Fv2%2Ftags&post=5878"}],"curies":[{"name":"wp","href":"https:\/\/api.w.org\/{rel}","templated":true}]}}