{"id":5876,"date":"2024-12-01T11:06:21","date_gmt":"2024-12-01T15:06:21","guid":{"rendered":"https:\/\/agromt.news\/?p=5876"},"modified":"2024-12-01T11:06:21","modified_gmt":"2024-12-01T15:06:21","slug":"encontro-nacional-do-agro-e-dos-adidos-agricolas-chega-ao-fim","status":"publish","type":"post","link":"https:\/\/agromt.news\/?p=5876","title":{"rendered":"Encontro Nacional do Agro e dos Adidos Agr\u00edcolas chega ao fim"},"content":{"rendered":"<p> <br \/>\n<br \/><img decoding=\"async\" src=\"https:\/\/agromt.news\/wp-content\/uploads\/2024\/12\/Encontro-Nacional-do-Agro-e-dos-Adidos-Agricolas-chega-ao.jpeg\" \/><\/p>\n<div>\n<p>O Encontro Nacional do Agro e dos Adidos Agr\u00edcolas foi encerrado nesta sexta-feira (29) com resultados positivos e parcerias estrat\u00e9gicas. Realizado em Bras\u00edlia, o evento durou cinco dias e teve como foco fortalecer as exporta\u00e7\u00f5es do <a href=\"https:\/\/www.canalrural.com.br\/?s=agroneg%C3%B3cio\">agroneg\u00f3cio <\/a>brasileiro e ampliar os mercados internacionais.<\/p>\n<p>Organizado pelo Minist\u00e9rio da Agricultura e Pecu\u00e1ria (<a href=\"https:\/\/www.gov.br\/agricultura\/pt-br\">Mapa<\/a>) e pela Ag\u00eancia Brasileira de Promo\u00e7\u00e3o de Exporta\u00e7\u00f5es e Investimentos (ApexBrasil), em parceria com o Minist\u00e9rio das Rela\u00e7\u00f5es Exteriores (MRE), o evento reuniu 40 adidos agr\u00edcolas que atuam em 38 pa\u00edses, 12 representantes de escrit\u00f3rios da ApexBrasil no Brasil e no exterior, mais de 35 entidades do agroneg\u00f3cio nacional e diversas autoridades.<\/p>\n<h2 class=\"wp-block-heading\" id=\"h-discussoes-a-tona-no-ultimo-dia\">Discuss\u00f5es \u00e0 tona no \u00faltimo dia <\/h2>\n<p>No \u00faltimo dia, a programa\u00e7\u00e3o iniciou com a din\u00e2mica \u201cWorld Caf\u00e9\u201d, conduzida por Augusto Billi, diretor do Departamento de Negocia\u00e7\u00f5es N\u00e3o-Tarif\u00e1rias e Sustentabilidade do Mapa. A atividade teve como objetivo promover discuss\u00f5es sobre desafios e oportunidades no com\u00e9rcio internacional. Em seguida, Marcel Moreira, diretor do Departamento de Promo\u00e7\u00e3o Comercial e Investimentos, liderou um painel focado em iniciativas estrat\u00e9gicas de promo\u00e7\u00e3o de imagem para aumentar a competitividade do agroneg\u00f3cio brasileiro no mercado global.<\/p>\n<p>Durante a tarde, o painel \u201cAdidos em Final de Miss\u00e3o\u201d trouxe contribui\u00e7\u00f5es de Daniela Aviani (Austr\u00e1lia), Helena Queiroz (Delbraspar\/Fran\u00e7a), Paulo M\u00e1rcio Ara\u00fajo (Canad\u00e1) e Rafael Mafra (OMC\/Su\u00ed\u00e7a), sob a media\u00e7\u00e3o de Eduardo Sampaio, adido agr\u00edcola em Berlim. <\/p>\n<p>Os adidos compartilharam os resultados de suas miss\u00f5es e discutiram as perspectivas futuras para os mercados em que atuaram. Em outro momento importante, Fl\u00e1via Fonseca e Juliana Vasconcelos, da ApexBrasil, apresentaram o Programa de Apoio \u00e0 Internacionaliza\u00e7\u00e3o do Agroneg\u00f3cio Brasileiro (PAM Agro) e iniciativas voltadas para o mercado de cr\u00e9dito de carbono.<\/p>\n<\/div>\n<div>\n<p>A programa\u00e7\u00e3o foi encerrada com a participa\u00e7\u00e3o da Assessoria Especial de Comunica\u00e7\u00e3o Social do Mapa. Carla Madeira, jornalista e chefe da AECS, destacou o papel fundamental da comunica\u00e7\u00e3o estrat\u00e9gica para posicionar o Brasil como l\u00edder mundial no agroneg\u00f3cio. Ela explicou como potencializar as a\u00e7\u00f5es realizadas pelo Minist\u00e9rio e pelos adidos agr\u00edcolas no exterior, utilizando exemplos de campanhas bem-sucedidas e refor\u00e7ando a import\u00e2ncia de uma abordagem integrada entre os diversos atores envolvidos no setor. O painel contou tamb\u00e9m com a participa\u00e7\u00e3o de Patr\u00edcia T\u00e1vora, coordenadora-geral da Comunica\u00e7\u00e3o, Igor Mesquita, coordenador de Imprensa, e Danilly Nascimento, coordenadora de M\u00eddia Digital.<\/p>\n<p>Ao longo da semana, o evento tamb\u00e9m promoveu mais de 500 reuni\u00f5es estrat\u00e9gicas, incluindo rodadas de conversas entre adidos e representantes de aproximadamente 40 associa\u00e7\u00f5es setoriais, respons\u00e1veis por 75% do PIB do agroneg\u00f3cio nacional. As intera\u00e7\u00f5es permitiram alinhar demandas do setor produtivo e fortalecer as parcerias entre o governo e a iniciativa privada.<\/p>\n<p>Na cerim\u00f4nia de encerramento, Luis Rua, secret\u00e1rio de Com\u00e9rcio e Rela\u00e7\u00f5es Internacionais do Mapa, enfatizou a import\u00e2ncia da parceria entre os adidos, o setor privado e as institui\u00e7\u00f5es governamentais para ampliar a presen\u00e7a do Brasil no com\u00e9rcio internacional. Laudemir M\u00fcller, Gerente de Agroneg\u00f3cios da ApexBrasil, destacou o sucesso do evento como um marco para o alinhamento estrat\u00e9gico do agro brasileiro com as demandas globais.<\/p>\n<p>Luis Rua ressaltou que a semana foi extremamente produtiva e com resultados otimistas, com alinhamento das diretrizes do Ministro Carlos F\u00e1varo e discuss\u00f5es sobre as prioridades para 2025. Ele mencionou que quase 500 reuni\u00f5es foram realizadas com entidades dos setores produtivos, destacando demandas fundamentais para a atua\u00e7\u00e3o dos adidos agr\u00edcolas. <\/p>\n<p>Segundo Rua, os adidos t\u00eam um papel essencial na promo\u00e7\u00e3o comercial, negocia\u00e7\u00e3o e defesa da imagem do agro brasileiro no exterior, sendo respons\u00e1veis por 70% das 282 aberturas de mercado da atual gest\u00e3o. O foco, agora, \u00e9 aproxim\u00e1-los ainda mais dos setores produtivos, especialmente das pequenas e m\u00e9dias empresas, a fim de novos resultados. A parceria com a ApexBrasil, o Itamaraty e outras entidades, segundo Rua, gera emprego e renda para o Brasil, e quando trabalham juntos, o pa\u00eds se beneficia.<\/p>\n<\/p><\/div>\n<p><br \/>\n<br \/><a href=\"https:\/\/www.canalrural.com.br\/agricultura\/agronegocio\/encontro-nacional-do-agro-e-dos-adidos-agricolas-chega-ao-fim\/\">Source link <\/a><\/p>\n","protected":false},"excerpt":{"rendered":"<p>O Encontro Nacional do Agro e dos Adidos Agr\u00edcolas foi encerrado nesta sexta-feira (29) com resultados positivos e parcerias estrat\u00e9gicas.<\/p>\n","protected":false},"author":1,"featured_media":5877,"comment_status":"open","ping_status":"open","sticky":false,"template":"","format":"standard","meta":{"_monsterinsights_skip_tracking":false,"_monsterinsights_sitenote_active":false,"_monsterinsights_sitenote_note":"","_monsterinsights_sitenote_category":0,"_uf_show_specific_survey":0,"_uf_disable_surveys":false,"footnotes":""},"categories":[1],"tags":[],"class_list":["post-5876","post","type-post","status-publish","format-standard","has-post-thumbnail","hentry","category-news"],"_links":{"self":[{"href":"https:\/\/agromt.news\/index.php?rest_route=\/wp\/v2\/posts\/5876"}],"collection":[{"href":"https:\/\/agromt.news\/index.php?rest_route=\/wp\/v2\/posts"}],"about":[{"href":"https:\/\/agromt.news\/index.php?rest_route=\/wp\/v2\/types\/post"}],"author":[{"embeddable":true,"href":"https:\/\/agromt.news\/index.php?rest_route=\/wp\/v2\/users\/1"}],"replies":[{"embeddable":true,"href":"https:\/\/agromt.news\/index.php?rest_route=%2Fwp%2Fv2%2Fcomments&post=5876"}],"version-history":[{"count":0,"href":"https:\/\/agromt.news\/index.php?rest_route=\/wp\/v2\/posts\/5876\/revisions"}],"wp:featuredmedia":[{"embeddable":true,"href":"https:\/\/agromt.news\/index.php?rest_route=\/wp\/v2\/media\/5877"}],"wp:attachment":[{"href":"https:\/\/agromt.news\/index.php?rest_route=%2Fwp%2Fv2%2Fmedia&parent=5876"}],"wp:term":[{"taxonomy":"category","embeddable":true,"href":"https:\/\/agromt.news\/index.php?rest_route=%2Fwp%2Fv2%2Fcategories&post=5876"},{"taxonomy":"post_tag","embeddable":true,"href":"https:\/\/agromt.news\/index.php?rest_route=%2Fwp%2Fv2%2Ftags&post=5876"}],"curies":[{"name":"wp","href":"https:\/\/api.w.org\/{rel}","templated":true}]}}