{"id":5870,"date":"2024-12-01T08:18:05","date_gmt":"2024-12-01T12:18:05","guid":{"rendered":"https:\/\/agromt.news\/?p=5870"},"modified":"2024-12-01T08:18:05","modified_gmt":"2024-12-01T12:18:05","slug":"nova-plataforma-oferece-rastreabilidade-com-indicacao-geografica-de-cafe","status":"publish","type":"post","link":"https:\/\/agromt.news\/?p=5870","title":{"rendered":"Nova plataforma oferece rastreabilidade com Indica\u00e7\u00e3o Geogr\u00e1fica de caf\u00e9"},"content":{"rendered":"<p> <br \/>\n<\/p>\n<div>\n<p>A Plataforma de Controle, Gest\u00e3o e Rastreabilidade das Indica\u00e7\u00f5es Geogr\u00e1ficas (IGs) de Caf\u00e9 <strong><a href=\"https:\/\/origemcontrolada.agtrace.ag\/\">foi lan\u00e7ada<\/a><\/strong> pelo Instituto CNA, o Servi\u00e7o Brasileiro de Apoio \u00e0s Micro e Pequenas Empresas (Sebrae) e a Ag\u00eancia Brasileira de Desenvolvimento Industrial (ABDI). <\/p>\n<p>O an\u00fancio foi feito durante a Semana Internacional do Caf\u00e9 (SIC), em Belo Horizonte, Minas Gerais, com a presen\u00e7a de produtores, especialistas e entidades do setor <strong><a href=\"https:\/\/www.canalrural.com.br\/agricultura\/cafe\/\">cafeeiro<\/a><\/strong>.<\/p>\n<p>Segundo a assessora t\u00e9cnica do Instituto CNA, Marina Zimmermann, o sistema foi resultado de meses de trabalho em parceria com uma empresa especializada e tem como objetivo beneficiar toda a cadeia produtiva, al\u00e9m de proporcionar transpar\u00eancia ao consumidor por meio de c\u00f3digos nas embalagens.<\/p>\n<p>A analista do Sebrae Nacional Hulda Giersbrecht destacou que a ferramenta utiliza tecnologias avan\u00e7adas e foi constru\u00edda com o envolvimento dos produtores. J\u00e1 Ant\u00f4nio Tafuri, da ABDI, ressaltou a import\u00e2ncia da sinergia entre as entidades para criar uma solu\u00e7\u00e3o que oferece maior seguran\u00e7a ao mercado.<\/p>\n<\/div>\n<div>\n<h2 class=\"wp-block-heading\" id=\"h-rastreabilidade-da-producao-do-cafe\">Rastreabilidade da produ\u00e7\u00e3o do caf\u00e9<\/h2>\n<figure class=\"wp-block-image size-full\"><img fetchpriority=\"high\" decoding=\"async\" width=\"900\" height=\"642\" alt=\"Caf\u00e9; cafezal\" class=\"wp-image-4071805\"  data-lazy- src=\"https:\/\/agromt.news\/wp-content\/uploads\/2024\/12\/Nova-plataforma-oferece-rastreabilidade-com-Indicacao-Geografica-de-cafe.jpg\"\/><img decoding=\"async\" width=\"900\" height=\"642\" src=\"https:\/\/agromt.news\/wp-content\/uploads\/2024\/12\/Nova-plataforma-oferece-rastreabilidade-com-Indicacao-Geografica-de-cafe.jpg\" alt=\"Caf\u00e9; cafezal\" class=\"wp-image-4071805\"  \/><figcaption class=\"wp-element-caption\">Foto: Carlos Alberto Meira\/Embrapa<\/figcaption><\/figure>\n<p>A plataforma foi desenvolvida pela Agtrace Rastreabilidade Agr\u00edcola, vencedora de edital p\u00fablico lan\u00e7ado em mar\u00e7o de 2023. O CEO da empresa, Andr\u00e9 Maltz, afirmou que o sistema atende \u00e0s especificidades de cada IG, ajudando os produtores na gest\u00e3o e rastreabilidade da produ\u00e7\u00e3o.<\/p>\n<p>Durante o evento, tamb\u00e9m ocorreu o pr\u00e9-lan\u00e7amento do livro \u201cA Revolu\u00e7\u00e3o do Caf\u00e9 Brasileiro: Regi\u00f5es com Indica\u00e7\u00e3o Geogr\u00e1fica\u201d, apoiado pelo Instituto CNA, ABDI e Sebrae. Al\u00e9m disso, o INPI entregou o registro de Denomina\u00e7\u00e3o de Origem (DO) da Chapada Diamantina (BA), reconhecendo a qualidade e proced\u00eancia dos caf\u00e9s da regi\u00e3o.<\/p>\n<p>O Brasil possui 115 IGs registradas no INPI, sendo 16 destinadas ao caf\u00e9. Destas, 15 j\u00e1 utilizam a nova plataforma, que promete impulsionar o setor cafeeiro ao valorizar a cultura, tradi\u00e7\u00e3o e diferenciais dos caf\u00e9s brasileiros.<\/p>\n<p>Voc\u00ea pode acessar a ferramenta <strong><a href=\"https:\/\/origemcontrolada.agtrace.ag\/\">aqui<\/a><\/strong>.<\/p>\n<\/p><\/div>\n<p><br \/>\n<br \/><a href=\"https:\/\/www.canalrural.com.br\/agricultura\/nova-plataforma-oferece-rastreabilidade-com-indicacao-geografica-de-cafe\/\">Source link <\/a><\/p>\n","protected":false},"excerpt":{"rendered":"<p>A Plataforma de Controle, Gest\u00e3o e Rastreabilidade das Indica\u00e7\u00f5es Geogr\u00e1ficas (IGs) de Caf\u00e9 foi lan\u00e7ada pelo Instituto CNA, o Servi\u00e7o<\/p>\n","protected":false},"author":1,"featured_media":5871,"comment_status":"open","ping_status":"open","sticky":false,"template":"","format":"standard","meta":{"_monsterinsights_skip_tracking":false,"_monsterinsights_sitenote_active":false,"_monsterinsights_sitenote_note":"","_monsterinsights_sitenote_category":0,"_uf_show_specific_survey":0,"_uf_disable_surveys":false,"footnotes":""},"categories":[1],"tags":[],"class_list":["post-5870","post","type-post","status-publish","format-standard","has-post-thumbnail","hentry","category-news"],"_links":{"self":[{"href":"https:\/\/agromt.news\/index.php?rest_route=\/wp\/v2\/posts\/5870"}],"collection":[{"href":"https:\/\/agromt.news\/index.php?rest_route=\/wp\/v2\/posts"}],"about":[{"href":"https:\/\/agromt.news\/index.php?rest_route=\/wp\/v2\/types\/post"}],"author":[{"embeddable":true,"href":"https:\/\/agromt.news\/index.php?rest_route=\/wp\/v2\/users\/1"}],"replies":[{"embeddable":true,"href":"https:\/\/agromt.news\/index.php?rest_route=%2Fwp%2Fv2%2Fcomments&post=5870"}],"version-history":[{"count":0,"href":"https:\/\/agromt.news\/index.php?rest_route=\/wp\/v2\/posts\/5870\/revisions"}],"wp:featuredmedia":[{"embeddable":true,"href":"https:\/\/agromt.news\/index.php?rest_route=\/wp\/v2\/media\/5871"}],"wp:attachment":[{"href":"https:\/\/agromt.news\/index.php?rest_route=%2Fwp%2Fv2%2Fmedia&parent=5870"}],"wp:term":[{"taxonomy":"category","embeddable":true,"href":"https:\/\/agromt.news\/index.php?rest_route=%2Fwp%2Fv2%2Fcategories&post=5870"},{"taxonomy":"post_tag","embeddable":true,"href":"https:\/\/agromt.news\/index.php?rest_route=%2Fwp%2Fv2%2Ftags&post=5870"}],"curies":[{"name":"wp","href":"https:\/\/api.w.org\/{rel}","templated":true}]}}