{"id":5868,"date":"2024-12-01T01:21:28","date_gmt":"2024-12-01T05:21:28","guid":{"rendered":"https:\/\/agromt.news\/?p=5868"},"modified":"2024-12-01T01:21:28","modified_gmt":"2024-12-01T05:21:28","slug":"qualidade-baixa-direciona-producao-para-alimentacao-animal","status":"publish","type":"post","link":"https:\/\/agromt.news\/?p=5868","title":{"rendered":"qualidade baixa direciona produ\u00e7\u00e3o para alimenta\u00e7\u00e3o animal"},"content":{"rendered":"<p> <br \/>\n<\/p>\n<div>\n<p style=\"text-align:justify\">Segundo o Informativo Conjuntural da Emater\/RS divulgado na quinta-feira (28), a colheita da <a href=\"https:\/\/www.agrolink.com.br\/culturas\/aveia?utm_source=agrolink-detalhe-noticia&amp;utm_medium=detalhe-noticia&amp;utm_campaign=links-internos\" target=\"_blank\" rel=\"noopener\">aveia<\/a> branca no Rio Grande do Sul j\u00e1 foi realizada em 97% da \u00e1rea cultivada, estimada em 354.987 hectares. A produtividade m\u00e9dia no Estado est\u00e1 projetada em 2.474 kg\/ha. Nas regi\u00f5es da Campanha e Campos de Cima da Serra, cerca de 25% das lavouras ainda aguardam colheita, com previs\u00e3o de finaliza\u00e7\u00e3o nos pr\u00f3ximos dias devido \u00e0s condi\u00e7\u00f5es clim\u00e1ticas favor\u00e1veis.&#13;\n<\/p>\n<p style=\"text-align:justify\">A produtividade variou ao longo do Estado, sendo influenciada por fatores clim\u00e1ticos, como precipita\u00e7\u00f5es e ventos intensos, e pelo n\u00edvel de ado\u00e7\u00e3o de tecnologias de manejo, especialmente no controle fitossanit\u00e1rio.<\/p>\n<p style=\"text-align:justify\">Na regi\u00e3o administrativa da Emater\/RS-Ascar de Bag\u00e9, o tempo seco a partir de 20\/11 acelerou o avan\u00e7o da colheita, que j\u00e1 atingiu 75%. Na Fronteira Oeste, munic\u00edpios como Ma\u00e7ambar\u00e1 conclu\u00edram os trabalhos, com produtividade m\u00e9dia de 2.090 kg\/ha, representando uma quebra de 5% em rela\u00e7\u00e3o \u00e0 previs\u00e3o inicial.<\/p>\n<p><a href=\"https:\/\/www.whatsapp.com\/channel\/0029Va6ABTpIHphIQkFBgA12\" target=\"_blank\" rel=\"noopener\">Clique para seguir o canal do Agrolink no WhatsApp<\/a><\/p>\n<p style=\"text-align:justify\">Na Campanha, regi\u00f5es como Ca\u00e7apava do Sul e Lavras do Sul ainda t\u00eam 70% e 45% das \u00e1reas colhidas, respectivamente. Em Hulha Negra, onde 20% das lavouras foram colhidas, o rendimento est\u00e1 abaixo do esperado, variando entre 1.200 e 1.400 kg\/ha devido ao excesso de chuvas, baixa radia\u00e7\u00e3o solar e alta infesta\u00e7\u00e3o de azev\u00e9m.&#13;\n<\/p>\n<p style=\"text-align:justify\">Na regi\u00e3o de Iju\u00ed, a colheita foi conclu\u00edda, mas a produtividade m\u00e9dia de 2.530 kg\/ha ficou abaixo do previsto. A qualidade do gr\u00e3o n\u00e3o atendeu aos padr\u00f5es industriais para consumo humano, e a produ\u00e7\u00e3o tem sido armazenada para uso na alimenta\u00e7\u00e3o animal.<\/p>\n<p style=\"text-align:justify\">J\u00e1 na regi\u00e3o de Soledade, os trabalhos tamb\u00e9m foram finalizados, com produtividade estimada em 3 mil kg\/ha.<\/p>\n<p style=\"text-align:justify\">Os pre\u00e7os da aveia branca destinada \u00e0 ind\u00fastria variaram conforme a regi\u00e3o. Em Iju\u00ed, a saca de 60 quilos foi comercializada a R$ 60,00, enquanto em Passo Fundo alcan\u00e7ou R$ 78,00.<\/p>\n<\/p><\/div>\n<p><script data-cfasync=\"false\">\n    !function (f, b, e, v, n, t, s) {\n        if (f.fbq) return; n = f.fbq = function () {\n            n.callMethod ?\n                n.callMethod.apply(n, arguments) : n.queue.push(arguments)\n        };\n        if (!f._fbq) f._fbq = n; n.push = n; n.loaded = !0; n.version = '2.0';\n        n.queue = []; t = b.createElement(e); t.async = !0;\n        t.src = v; s = b.getElementsByTagName(e)[0];\n        s.parentNode.insertBefore(t, s)\n    }(window, document, 'script',\n        'https:\/\/connect.facebook.net\/en_US\/fbevents.js');\n    fbq('init', '522546078623747');\n    fbq('track', 'PageView');\n<\/script><br \/>\n<br \/><br \/>\n<br \/><a href=\"https:\/\/www.agrolink.com.br\/noticias\/aveia--qualidade-baixa-direciona-producao-para-alimentacao-animal_497246.html\">Source link <\/a><\/p>\n","protected":false},"excerpt":{"rendered":"<p>Segundo o Informativo Conjuntural da Emater\/RS divulgado na quinta-feira (28), a colheita da aveia branca no Rio Grande do Sul<\/p>\n","protected":false},"author":1,"featured_media":5869,"comment_status":"open","ping_status":"open","sticky":false,"template":"","format":"standard","meta":{"_monsterinsights_skip_tracking":false,"_monsterinsights_sitenote_active":false,"_monsterinsights_sitenote_note":"","_monsterinsights_sitenote_category":0,"_uf_show_specific_survey":0,"_uf_disable_surveys":false,"footnotes":""},"categories":[8,1,14],"tags":[],"class_list":["post-5868","post","type-post","status-publish","format-standard","has-post-thumbnail","hentry","category-agro","category-news","category-politica-agro"],"_links":{"self":[{"href":"https:\/\/agromt.news\/index.php?rest_route=\/wp\/v2\/posts\/5868"}],"collection":[{"href":"https:\/\/agromt.news\/index.php?rest_route=\/wp\/v2\/posts"}],"about":[{"href":"https:\/\/agromt.news\/index.php?rest_route=\/wp\/v2\/types\/post"}],"author":[{"embeddable":true,"href":"https:\/\/agromt.news\/index.php?rest_route=\/wp\/v2\/users\/1"}],"replies":[{"embeddable":true,"href":"https:\/\/agromt.news\/index.php?rest_route=%2Fwp%2Fv2%2Fcomments&post=5868"}],"version-history":[{"count":0,"href":"https:\/\/agromt.news\/index.php?rest_route=\/wp\/v2\/posts\/5868\/revisions"}],"wp:featuredmedia":[{"embeddable":true,"href":"https:\/\/agromt.news\/index.php?rest_route=\/wp\/v2\/media\/5869"}],"wp:attachment":[{"href":"https:\/\/agromt.news\/index.php?rest_route=%2Fwp%2Fv2%2Fmedia&parent=5868"}],"wp:term":[{"taxonomy":"category","embeddable":true,"href":"https:\/\/agromt.news\/index.php?rest_route=%2Fwp%2Fv2%2Fcategories&post=5868"},{"taxonomy":"post_tag","embeddable":true,"href":"https:\/\/agromt.news\/index.php?rest_route=%2Fwp%2Fv2%2Ftags&post=5868"}],"curies":[{"name":"wp","href":"https:\/\/api.w.org\/{rel}","templated":true}]}}