{"id":5865,"date":"2024-11-30T21:09:09","date_gmt":"2024-12-01T01:09:09","guid":{"rendered":"https:\/\/agromt.news\/?p=5865"},"modified":"2024-11-30T21:09:09","modified_gmt":"2024-12-01T01:09:09","slug":"chuvas-amenizam-impacto-da-estiagem","status":"publish","type":"post","link":"https:\/\/agromt.news\/?p=5865","title":{"rendered":"chuvas amenizam impacto da estiagem"},"content":{"rendered":"<p> <br \/>\n<\/p>\n<div>\n<div class=\"row\">\n<div class=\"col-lg col-infos mt-3 mt-lg-0\">\n<div class=\"section-sub-title\">\n<p itemprop=\"description\">&#13;<br \/>\n                                Algumas lavouras j\u00e1 contabilizam preju\u00edzos no estado&#13;\n                            <\/p>\n<\/p><\/div>\n<div class=\"container\">\n<div class=\"row\">\n<div class=\"col-lg p-0\">\n<div>\n<div class=\"block-news-main-infos mt-3 text-start\">\n<p>                                            <strong class=\"fn\" itemprop=\"author\" style=\"color: rgb(112, 112, 112); \">&#13;<br \/>\n                                                <a href=\"https:\/\/www.agrolink.com.br\/noticias\/javascript:;\" class=\"text-uppercase\" target=\"_blank\" style=\"color: rgb(112, 112, 112); \" rel=\"noopener\">Agrolink<\/a>&#13;<br \/>\n&#13;<br \/>\n                                                    &#8211; Seane Lennon&#13;<br \/>\n&#13;<br \/>\n                                            <\/strong><br \/>\n                                        <\/p>\n<p>                                            <abbr><time datetime=\"2024-11-29T18:59\" itemprop=\"datePublished dateModified\">Publicado em 29\/11\/2024 \u00e0s 18:59h.<\/time><\/abbr><br \/>\n                                            <\/p><\/div>\n<\/p><\/div>\n<\/p><\/div>\n<div class=\"col-lg p-0 text-lg-end\">\n<div>\n<div id=\"mdEnviarPagina\" class=\"modal fade\" role=\"dialog\">\n<div class=\"modal-dialog\">\n<div class=\"modal-content\">\n<div class=\"modal-body\">\n<p><strong>Estimado usu\u00e1rio.<\/strong><br \/>Preencha o formul\u00e1rio abaixo para remeter a p\u00e1gina.<\/p>\n<\/p><\/div>\n<\/p><\/div>\n<\/p><\/div>\n<\/div><\/div>\n<\/p><\/div>\n<\/p><\/div>\n<\/p><\/div>\n<\/p><\/div>\n<\/p><\/div>\n<div class=\"row justify-content-md-center mt-3\">\n<div class=\"col-lg-auto col-image  block-news-main-image d-none d-md-block\">\n<p>                            <img decoding=\"async\" src=\"https:\/\/www.agrolink.com.br\/upload\/imagens-resizes\/efe634a1e2564f26a6bf53f00d828b5b_858x483.jpg\" class=\"lazyload \"\/><br \/>\n                                            <span class=\"publicity-photo d-block mt-1\">Foto: Divulga\u00e7\u00e3o<\/span><\/p><\/div>\n<\/p><\/div>\n<div class=\"section-description section-description-noticias mt-3\">\n<p style=\"text-align:justify\">De acordo com o Informativo Conjuntural divulgado na quinta-feira (28) pela Emater\/RS-Ascar, o plantio do <a href=\"https:\/\/www.agrolink.com.br\/culturas\/milho?utm_source=agrolink-detalhe-noticia&amp;utm_medium=detalhe-noticia&amp;utm_campaign=links-internos&#9;\" target=\"_blank\" rel=\"noopener\">milho<\/a> na safra 2024\/2025 no Rio Grande do Sul avan\u00e7ou apenas 4% na \u00faltima semana, alcan\u00e7ando 88% da \u00e1rea projetada. As lavouras est\u00e3o divididas entre os est\u00e1gios de desenvolvimento vegetativo (42%), florescimento (27%) e enchimento de gr\u00e3os (31%).&#13;\n<\/p>\n<p style=\"text-align:justify\">A ocorr\u00eancia de chuvas entre os dias 19 e 20 de novembro contribuiu para elevar os n\u00edveis de umidade do solo em algumas regi\u00f5es, especialmente onde os volumes pluviom\u00e9tricos foram mais significativos. Nas \u00e1reas irrigadas, o potencial produtivo permanece elevado, impulsionado por alta radia\u00e7\u00e3o solar durante o dia e temperaturas mais amenas \u00e0 noite.<\/p>\n<p style=\"text-align:justify\"><a href=\"https:\/\/www.whatsapp.com\/channel\/0029Va6ABTpIHphIQkFBgA12\" target=\"_blank\" rel=\"noopener\">Clique para seguir o canal do Agrolink no WhatsApp<\/a><\/p>\n<p style=\"text-align:justify\">No entanto, a escassez h\u00eddrica em novembro trouxe preju\u00edzos consider\u00e1veis \u00e0s lavouras de sequeiro, especialmente nas regi\u00f5es Noroeste e Centro do estado. Sintomas como enrolamento de folhas, senesc\u00eancia e secamento dos pend\u00f5es foram observados. Em algumas \u00e1reas, as perdas j\u00e1 s\u00e3o consolidadas, e a continuidade desse cen\u00e1rio pode aumentar a procura por seguros agr\u00edcolas e Proagro.&#13;\n<\/p>\n<p style=\"text-align:justify\">Os tratos culturais variaram de acordo com o est\u00e1gio das lavouras. Em \u00e1reas em germina\u00e7\u00e3o ou desenvolvimento vegetativo, os produtores investiram em aduba\u00e7\u00e3o nitrogenada e controle de plantas daninhas. A aplica\u00e7\u00e3o de defensivos foi realizada apenas em casos monitorados de necessidade.<\/p>\n<p style=\"text-align:justify\">Para a safra atual, a Emater\/RS-Ascar estima o cultivo de 748.511 hectares, com produtividade m\u00e9dia projetada de 7.116 kg\/ha.<\/p>\n<p style=\"text-align:justify\">No \u00e2mbito comercial, o pre\u00e7o m\u00e9dio da saca de 60 kg do milho apresentou leve alta de 0,04%, passando de R$ 68,14 para R$ 68,17 na compara\u00e7\u00e3o semanal.<\/p>\n<\/p><\/div>\n<\/p><\/div>\n<p><script data-cfasync=\"false\">\n    !function (f, b, e, v, n, t, s) {\n        if (f.fbq) return; n = f.fbq = function () {\n            n.callMethod ?\n                n.callMethod.apply(n, arguments) : n.queue.push(arguments)\n        };\n        if (!f._fbq) f._fbq = n; n.push = n; n.loaded = !0; n.version = '2.0';\n        n.queue = []; t = b.createElement(e); t.async = !0;\n        t.src = v; s = b.getElementsByTagName(e)[0];\n        s.parentNode.insertBefore(t, s)\n    }(window, document, 'script',\n        'https:\/\/connect.facebook.net\/en_US\/fbevents.js');\n    fbq('init', '522546078623747');\n    fbq('track', 'PageView');\n<\/script><br \/>\n<br \/><br \/>\n<br \/><a href=\"https:\/\/www.agrolink.com.br\/noticias\/milho--chuvas-amenizam-impacto-da-estiagem_497248.html\">Source link <\/a><\/p>\n","protected":false},"excerpt":{"rendered":"<p>&#13; Algumas lavouras j\u00e1 contabilizam preju\u00edzos no estado&#13; &#13; Agrolink&#13; &#13; &#8211; Seane Lennon&#13; &#13; Publicado em 29\/11\/2024 \u00e0s 18:59h.<\/p>\n","protected":false},"author":1,"featured_media":3364,"comment_status":"open","ping_status":"open","sticky":false,"template":"","format":"standard","meta":{"_monsterinsights_skip_tracking":false,"_monsterinsights_sitenote_active":false,"_monsterinsights_sitenote_note":"","_monsterinsights_sitenote_category":0,"_uf_show_specific_survey":0,"_uf_disable_surveys":false,"footnotes":""},"categories":[8,1,14],"tags":[],"class_list":["post-5865","post","type-post","status-publish","format-standard","has-post-thumbnail","hentry","category-agro","category-news","category-politica-agro"],"_links":{"self":[{"href":"https:\/\/agromt.news\/index.php?rest_route=\/wp\/v2\/posts\/5865"}],"collection":[{"href":"https:\/\/agromt.news\/index.php?rest_route=\/wp\/v2\/posts"}],"about":[{"href":"https:\/\/agromt.news\/index.php?rest_route=\/wp\/v2\/types\/post"}],"author":[{"embeddable":true,"href":"https:\/\/agromt.news\/index.php?rest_route=\/wp\/v2\/users\/1"}],"replies":[{"embeddable":true,"href":"https:\/\/agromt.news\/index.php?rest_route=%2Fwp%2Fv2%2Fcomments&post=5865"}],"version-history":[{"count":0,"href":"https:\/\/agromt.news\/index.php?rest_route=\/wp\/v2\/posts\/5865\/revisions"}],"wp:featuredmedia":[{"embeddable":true,"href":"https:\/\/agromt.news\/index.php?rest_route=\/wp\/v2\/media\/3364"}],"wp:attachment":[{"href":"https:\/\/agromt.news\/index.php?rest_route=%2Fwp%2Fv2%2Fmedia&parent=5865"}],"wp:term":[{"taxonomy":"category","embeddable":true,"href":"https:\/\/agromt.news\/index.php?rest_route=%2Fwp%2Fv2%2Fcategories&post=5865"},{"taxonomy":"post_tag","embeddable":true,"href":"https:\/\/agromt.news\/index.php?rest_route=%2Fwp%2Fv2%2Ftags&post=5865"}],"curies":[{"name":"wp","href":"https:\/\/api.w.org\/{rel}","templated":true}]}}