{"id":5858,"date":"2024-11-30T16:50:12","date_gmt":"2024-11-30T20:50:12","guid":{"rendered":"https:\/\/agromt.news\/?p=5858"},"modified":"2024-11-30T16:50:12","modified_gmt":"2024-11-30T20:50:12","slug":"parana-conclui-plantio-com-projecoes-otimistas","status":"publish","type":"post","link":"https:\/\/agromt.news\/?p=5858","title":{"rendered":"Paran\u00e1 conclui plantio com proje\u00e7\u00f5es otimistas"},"content":{"rendered":"<p> <br \/>\n<\/p>\n<div>\n<div class=\"row\">\n<div class=\"col-lg col-infos mt-3 mt-lg-0\">\n<div class=\"section-sub-title\">\n<p itemprop=\"description\">&#13;<br \/>\n                                Produ\u00e7\u00e3o paranaense de soja \u00e9 estimada em 22,3 milh\u00f5es de toneladas&#13;\n                            <\/p>\n<\/p><\/div>\n<div class=\"container\">\n<div class=\"row\">\n<div class=\"col-lg p-0\">\n<div>\n<div class=\"block-news-main-infos mt-3 text-start\">\n<p>                                            <strong class=\"fn\" itemprop=\"author\" style=\"color: rgb(112, 112, 112); \">&#13;<br \/>\n                                                <a href=\"https:\/\/www.agrolink.com.br\/noticias\/javascript:;\" class=\"text-uppercase\" target=\"_blank\" style=\"color: rgb(112, 112, 112); \" rel=\"noopener\">Agrolink<\/a>&#13;<br \/>\n&#13;<br \/>\n                                                    &#8211; Seane Lennon&#13;<br \/>\n&#13;<br \/>\n                                            <\/strong><br \/>\n                                        <\/p>\n<p>                                            <abbr><time datetime=\"2024-11-29T19:10\" itemprop=\"datePublished dateModified\">Publicado em 29\/11\/2024 \u00e0s 19:10h.<\/time><\/abbr><br \/>\n                                            <\/p><\/div>\n<\/p><\/div>\n<\/p><\/div>\n<div class=\"col-lg p-0 text-lg-end\">\n<div>\n<div id=\"mdEnviarPagina\" class=\"modal fade\" role=\"dialog\">\n<div class=\"modal-dialog\">\n<div class=\"modal-content\">\n<div class=\"modal-body\">\n<p><strong>Estimado usu\u00e1rio.<\/strong><br \/>Preencha o formul\u00e1rio abaixo para remeter a p\u00e1gina.<\/p>\n<\/p><\/div>\n<\/p><\/div>\n<\/p><\/div>\n<\/div><\/div>\n<\/p><\/div>\n<\/p><\/div>\n<\/p><\/div>\n<\/p><\/div>\n<\/p><\/div>\n<div class=\"row justify-content-md-center mt-3\">\n<div class=\"col-lg-auto col-image  block-news-main-image d-none d-md-block\">\n<p>                            <img decoding=\"async\" src=\"https:\/\/www.agrolink.com.br\/upload\/imagens-resizes\/56b2bd421b3643b8843bc58b79705641_858x483.jpg\" class=\"lazyload \"\/><br \/>\n                                            <span class=\"publicity-photo d-block mt-1\">Foto: Canva<\/span><\/p><\/div>\n<\/p><\/div>\n<div class=\"section-description section-description-noticias mt-3\">\n<p style=\"text-align:justify\">O Departamento de Economia Rural (Deral), vinculado \u00e0 Secretaria de Agricultura e Abastecimento do Paran\u00e1, divulgou nesta quinta-feira (28) o boletim semanal sobre a conjuntura agropecu\u00e1ria do estado. O relat\u00f3rio destaca a conclus\u00e3o do plantio da safra 2024\/2025 de <a href=\"https:\/\/www.agrolink.com.br\/culturas\/soja?utm_source=agrolink-detalhe-noticia&amp;utm_medium=detalhe-noticia&amp;utm_campaign=links-internos\" target=\"_blank\" rel=\"noopener\">soja<\/a> e <a href=\"https:\/\/www.agrolink.com.br\/culturas\/milho?utm_source=agrolink-detalhe-noticia&amp;utm_medium=detalhe-noticia&amp;utm_campaign=links-internos&#9;\" target=\"_blank\" rel=\"noopener\">milho<\/a>, mas aponta deteriora\u00e7\u00e3o nas condi\u00e7\u00f5es gerais das lavouras de <a href=\"https:\/\/www.agrolink.com.br\/culturas\/soja?utm_source=agrolink-detalhe-noticia&amp;utm_medium=detalhe-noticia&amp;utm_campaign=links-internos\" target=\"_blank\" rel=\"noopener\">soja<\/a> devido \u00e0 irregularidade clim\u00e1tica em algumas regi\u00f5es.&#13;\n<\/p>\n<p><a href=\"https:\/\/www.whatsapp.com\/channel\/0029Va6ABTpIHphIQkFBgA12\" target=\"_blank\" rel=\"noopener\">Clique para seguir o canal do Agrolink no WhatsApp<\/a><\/p>\n<p style=\"text-align:justify\">Com 99% da \u00e1rea estimada de 5,77 milh\u00f5es de hectares j\u00e1 plantada, a soja enfrenta desafios clim\u00e1ticos que reduziram o percentual de \u00e1reas em boas condi\u00e7\u00f5es de 99% para 92% nesta semana. As regi\u00f5es mais impactadas incluem Londrina, Toledo, Cascavel e Umuarama. Apesar disso, a expectativa de produ\u00e7\u00e3o permanece robusta, com proje\u00e7\u00e3o de 22,3 milh\u00f5es de toneladas.&#13;\n<\/p>\n<p style=\"text-align:justify\">O plantio do milho tamb\u00e9m foi conclu\u00eddo, abrangendo 256 mil hectares. As lavouras apresentam, em sua maioria, boas condi\u00e7\u00f5es no campo, com uma estimativa de produ\u00e7\u00e3o de 2,6 milh\u00f5es de toneladas para a safra.<\/p>\n<\/p><\/div>\n<\/p><\/div>\n<p><script data-cfasync=\"false\">\n    !function (f, b, e, v, n, t, s) {\n        if (f.fbq) return; n = f.fbq = function () {\n            n.callMethod ?\n                n.callMethod.apply(n, arguments) : n.queue.push(arguments)\n        };\n        if (!f._fbq) f._fbq = n; n.push = n; n.loaded = !0; n.version = '2.0';\n        n.queue = []; t = b.createElement(e); t.async = !0;\n        t.src = v; s = b.getElementsByTagName(e)[0];\n        s.parentNode.insertBefore(t, s)\n    }(window, document, 'script',\n        'https:\/\/connect.facebook.net\/en_US\/fbevents.js');\n    fbq('init', '522546078623747');\n    fbq('track', 'PageView');\n<\/script><br \/>\n<br \/><br \/>\n<br \/><a href=\"https:\/\/www.agrolink.com.br\/noticias\/soja-e-milho--parana-conclui-plantio-com-projecoes-otimistas_497250.html\">Source link <\/a><\/p>\n","protected":false},"excerpt":{"rendered":"<p>&#13; Produ\u00e7\u00e3o paranaense de soja \u00e9 estimada em 22,3 milh\u00f5es de toneladas&#13; &#13; Agrolink&#13; &#13; &#8211; Seane Lennon&#13; &#13; Publicado<\/p>\n","protected":false},"author":1,"featured_media":2235,"comment_status":"open","ping_status":"open","sticky":false,"template":"","format":"standard","meta":{"_monsterinsights_skip_tracking":false,"_monsterinsights_sitenote_active":false,"_monsterinsights_sitenote_note":"","_monsterinsights_sitenote_category":0,"_uf_show_specific_survey":0,"_uf_disable_surveys":false,"footnotes":""},"categories":[8,1,14],"tags":[],"class_list":["post-5858","post","type-post","status-publish","format-standard","has-post-thumbnail","hentry","category-agro","category-news","category-politica-agro"],"_links":{"self":[{"href":"https:\/\/agromt.news\/index.php?rest_route=\/wp\/v2\/posts\/5858"}],"collection":[{"href":"https:\/\/agromt.news\/index.php?rest_route=\/wp\/v2\/posts"}],"about":[{"href":"https:\/\/agromt.news\/index.php?rest_route=\/wp\/v2\/types\/post"}],"author":[{"embeddable":true,"href":"https:\/\/agromt.news\/index.php?rest_route=\/wp\/v2\/users\/1"}],"replies":[{"embeddable":true,"href":"https:\/\/agromt.news\/index.php?rest_route=%2Fwp%2Fv2%2Fcomments&post=5858"}],"version-history":[{"count":0,"href":"https:\/\/agromt.news\/index.php?rest_route=\/wp\/v2\/posts\/5858\/revisions"}],"wp:featuredmedia":[{"embeddable":true,"href":"https:\/\/agromt.news\/index.php?rest_route=\/wp\/v2\/media\/2235"}],"wp:attachment":[{"href":"https:\/\/agromt.news\/index.php?rest_route=%2Fwp%2Fv2%2Fmedia&parent=5858"}],"wp:term":[{"taxonomy":"category","embeddable":true,"href":"https:\/\/agromt.news\/index.php?rest_route=%2Fwp%2Fv2%2Fcategories&post=5858"},{"taxonomy":"post_tag","embeddable":true,"href":"https:\/\/agromt.news\/index.php?rest_route=%2Fwp%2Fv2%2Ftags&post=5858"}],"curies":[{"name":"wp","href":"https:\/\/api.w.org\/{rel}","templated":true}]}}