{"id":5856,"date":"2024-11-30T15:38:04","date_gmt":"2024-11-30T19:38:04","guid":{"rendered":"https:\/\/agromt.news\/?p=5856"},"modified":"2024-11-30T15:38:04","modified_gmt":"2024-11-30T19:38:04","slug":"putin-diz-que-a-guerra-na-ucrania-esta-se-tornando-global","status":"publish","type":"post","link":"https:\/\/agromt.news\/?p=5856","title":{"rendered":"Putin diz que a guerra na Ucr\u00e2nia est\u00e1 se tornando global"},"content":{"rendered":"<p> <br \/>\n<\/p>\n<div>\n<p><img decoding=\"async\" alt=\"Logotipo Reuters\" height=\"22\" src=\"https:\/\/cdn.noticiasagricolas.com.br\/dbimagens\/0f687b0f35da9d220b6477534ce7c667.gif\" width=\"71\"\/><\/p>\n<p>\u00a0<\/p>\n<p>Por Guy Faulconbridge e Marina Bobrova e Maxim Rodionov<\/p>\n<p>MOSCOU (Reuters) &#8211; O presidente Vladimir Putin disse, nesta quinta-feira, que a guerra na Ucr\u00e2nia est\u00e1 sofrendo uma escalada para se tornar um conflito global ap\u00f3s os Estados Unidos e o Reino Unido permitirem que os ucranianos usem armas produzidas por eles para atingir a R\u00fassia e alertou o Ocidente que Moscou pode contra-atacar.<\/p>\n<p>A R\u00fassia, disse Putin, respondeu ao uso de m\u00edsseis dos EUA e do Reino Unido disparando um novo tipo de m\u00edssil bal\u00edstico hipers\u00f4nico de m\u00e9dio alcance contra uma instala\u00e7\u00e3o militar ucraniana.<\/p>\n<p>Mais ataques podem ocorrer, advertiu Putin, acrescentando que civis seriam avisados previamente em caso de novos ataques com essas armas.<\/p>\n<p>Ap\u00f3s aprova\u00e7\u00e3o do governo do presidente dos EUA Joe Biden, a Ucr\u00e2nia atingiu a R\u00fassia com seis m\u00edsseis ATACMS de fabrica\u00e7\u00e3o norte-americana em 19 de novembro e com m\u00edsseis brit\u00e2nicos Storm Shadow e HIMARS norte-americanos em 21 de novembro, afirmou Putin.<\/p>\n<p>&#8220;Desde aquele momento, como enfatizamos repetidamente, um conflito regional na Ucr\u00e2nia, anteriormente provocado pelo Ocidente, adquiriu elementos de car\u00e1ter global&#8221;, disse Putin em um discurso \u00e0 na\u00e7\u00e3o transmitido pela televis\u00e3o estatal ap\u00f3s as 20h, hor\u00e1rio de Moscou.<\/p>\n<p>Os Estados Unidos, disse Putin, est\u00e3o empurrando o mundo para um conflito global.<\/p>\n<p>&#8220;E, em caso de escalada de a\u00e7\u00f5es agressivas, responderemos tamb\u00e9m de forma decisiva e equivalente&#8221;, acrescentou.<\/p>\n<p>Putin afirmou que o ataque ucraniano com m\u00edsseis ATACMS n\u00e3o conseguiu causar danos significativos. O ataque com Storm Shadow na regi\u00e3o de Kursk, em 21 de novembro, no entanto, foi direcionado a um ponto de comando e resultou em mortos e feridos, disse ele.<\/p>\n<p>&#8220;O uso de tais armas pelo inimigo n\u00e3o \u00e9 capaz de mudar o curso das opera\u00e7\u00f5es militares na \u00e1rea da opera\u00e7\u00e3o militar especial&#8221;, afirmou Putin.<\/p>\n<p>&#8220;Consideramos que temos o direito de usar nossas armas contra as instala\u00e7\u00f5es militares de pa\u00edses que permitem que suas armas sejam usadas contra nossas instala\u00e7\u00f5es&#8221;, afirmou Putin.<\/p>\n<p>&#8220;Se algu\u00e9m ainda duvidar disso, est\u00e1 enganado \u2013 sempre haver\u00e1 uma resposta.&#8221;<\/p>\n<p>A R\u00fassia controla 18% da Ucr\u00e2nia, incluindo toda a Crimeia, que anexou da Ucr\u00e2nia em 2014, 80% do Donbas &#8212; as regi\u00f5es de Donetsk e Luhansk &#8212; e mais de 70% das regi\u00f5es de Zaporizhzhia e Kherson, al\u00e9m de menos de 3% da regi\u00e3o de Kharkiv e uma peda\u00e7o da regi\u00e3o de Mykolaiv.<\/p>\n<p>A Ucr\u00e2nia e o Ocidente afirmam que a invas\u00e3o de 2022 foi uma tentativa de estilo imperial de tomar territ\u00f3rio soberano ucraniano e temem que a R\u00fassia tenha a possibilidade de atacar um membro da Otan caso Putin ven\u00e7a na Ucr\u00e2nia.<\/p>\n<p>&#8220;Acredito que os Estados Unidos cometeram um erro ao destruir unilateralmente o tratado sobre a elimina\u00e7\u00e3o de m\u00edsseis de alcance intermedi\u00e1rio e mais curto em 2019 sob um pretexto forjado&#8221;, disse Putin, referindo-se ao Tratado de For\u00e7as Nucleares de Alcance Intermedi\u00e1rio (INF, em ingl\u00eas).<\/p>\n<p>Os Estados Unidos retiraram-se formalmente do marco do Tratado INF de 1987 com a R\u00fassia em 2019, alegando que Moscou estava violando o acordo, acusa\u00e7\u00e3o rejeitada pelo Kremlin.<\/p>\n<p>(Reportagem de Marina Bobrova e Guy Faulconbridge em Moscou; e Maxim Rodionov em Londres)<\/p>\n<\/p><\/div>\n<p><script async defer src=\"https:\/\/connect.facebook.net\/en_US\/sdk.js\" type=\"7189dcf62cd2fe9bc67811aa-text\/javascript\"><\/script><script type=\"7189dcf62cd2fe9bc67811aa-text\/javascript\">\n  !function(f,b,e,v,n,t,s)\n  {if(f.fbq)return;n=f.fbq=function(){n.callMethod?\n    n.callMethod.apply(n,arguments):n.queue.push(arguments)};\n    if(!f._fbq)f._fbq=n;n.push=n;n.loaded=!0;n.version='2.0';\n    n.queue=[];t=b.createElement(e);t.async=!0;\n    t.src=v;s=b.getElementsByTagName(e)[0];\n    s.parentNode.insertBefore(t,s)}(window, document,'script',\n    'https:\/\/connect.facebook.net\/en_US\/fbevents.js');\n  fbq('init', '153495679422335');\n  fbq('track', 'PageView');\n<\/script><br \/>\n<br \/><br \/>\n<br \/><a href=\"https:\/\/www.noticiasagricolas.com.br\/noticias\/politica-economia\/389171-putin-diz-que-a-guerra-na-ucrania-esta-se-tornando-global.html\">Source link <\/a><\/p>\n","protected":false},"excerpt":{"rendered":"<p>\u00a0 Por Guy Faulconbridge e Marina Bobrova e Maxim Rodionov MOSCOU (Reuters) &#8211; O presidente Vladimir Putin disse, nesta quinta-feira,<\/p>\n","protected":false},"author":1,"featured_media":5857,"comment_status":"open","ping_status":"open","sticky":false,"template":"","format":"standard","meta":{"_monsterinsights_skip_tracking":false,"_monsterinsights_sitenote_active":false,"_monsterinsights_sitenote_note":"","_monsterinsights_sitenote_category":0,"_uf_show_specific_survey":0,"_uf_disable_surveys":false,"footnotes":""},"categories":[8,1,14,16],"tags":[],"class_list":["post-5856","post","type-post","status-publish","format-standard","has-post-thumbnail","hentry","category-agro","category-news","category-politica-agro","category-safra"],"_links":{"self":[{"href":"https:\/\/agromt.news\/index.php?rest_route=\/wp\/v2\/posts\/5856"}],"collection":[{"href":"https:\/\/agromt.news\/index.php?rest_route=\/wp\/v2\/posts"}],"about":[{"href":"https:\/\/agromt.news\/index.php?rest_route=\/wp\/v2\/types\/post"}],"author":[{"embeddable":true,"href":"https:\/\/agromt.news\/index.php?rest_route=\/wp\/v2\/users\/1"}],"replies":[{"embeddable":true,"href":"https:\/\/agromt.news\/index.php?rest_route=%2Fwp%2Fv2%2Fcomments&post=5856"}],"version-history":[{"count":0,"href":"https:\/\/agromt.news\/index.php?rest_route=\/wp\/v2\/posts\/5856\/revisions"}],"wp:featuredmedia":[{"embeddable":true,"href":"https:\/\/agromt.news\/index.php?rest_route=\/wp\/v2\/media\/5857"}],"wp:attachment":[{"href":"https:\/\/agromt.news\/index.php?rest_route=%2Fwp%2Fv2%2Fmedia&parent=5856"}],"wp:term":[{"taxonomy":"category","embeddable":true,"href":"https:\/\/agromt.news\/index.php?rest_route=%2Fwp%2Fv2%2Fcategories&post=5856"},{"taxonomy":"post_tag","embeddable":true,"href":"https:\/\/agromt.news\/index.php?rest_route=%2Fwp%2Fv2%2Ftags&post=5856"}],"curies":[{"name":"wp","href":"https:\/\/api.w.org\/{rel}","templated":true}]}}