{"id":5774,"date":"2024-11-29T08:35:24","date_gmt":"2024-11-29T12:35:24","guid":{"rendered":"https:\/\/agromt.news\/?p=5774"},"modified":"2024-11-29T08:35:24","modified_gmt":"2024-11-29T12:35:24","slug":"chuva-impulsiona-semeadura-de-soja-no-rio-grande-do-sul","status":"publish","type":"post","link":"https:\/\/agromt.news\/?p=5774","title":{"rendered":"Chuva impulsiona semeadura de soja no Rio Grande do Sul"},"content":{"rendered":"<p> <br \/>\n<\/p>\n<div>\n<p style=\"text-align:justify\">Nesta quinta-feira (28), o Informativo Conjuntural divulgado pela Emater\/RS-Ascar trouxe atualiza\u00e7\u00f5es sobre o andamento da semeadura de soja no Rio Grande do Sul. As chuvas registradas entre os dias 19 e 20 de novembro proporcionaram a reposi\u00e7\u00e3o da umidade no solo, permitindo um avan\u00e7o nos trabalhos de plantio. A \u00e1rea j\u00e1 semeada atingiu 60% da estimativa total.&#13;\n<\/p>\n<p style=\"text-align:justify\">Contudo, nas regi\u00f5es com menor volume de precipita\u00e7\u00f5es, as atividades de plantio foram interrompidas no final da semana. Os agricultores t\u00eam priorizado as condi\u00e7\u00f5es ideais para o plantio, buscando minimizar o risco de replantio. Com a diminui\u00e7\u00e3o da umidade do solo, os trabalhos de preparo e desseca\u00e7\u00e3o foram ajustados para acompanhar o ritmo da safra.<\/p>\n<p style=\"text-align:justify\"><a href=\"https:\/\/www.agrolink.com.br\/agrotempo?utm_source=agrolink-detalhe-noticia&amp;utm_medium=detalhe-noticia&amp;utm_campaign=links-internos\" target=\"_blank\" rel=\"noopener\">Veja mais informa\u00e7\u00f5es sobre o clima em Agrotempo<\/a><\/p>\n<p style=\"text-align:justify\">As lavouras semeadas no final de outubro e in\u00edcio de novembro apresentaram germina\u00e7\u00e3o uniforme e estande de alta qualidade. J\u00e1 as \u00e1reas plantadas entre os dias 10 e 17 de novembro, especialmente em regi\u00f5es com menor incid\u00eancia de chuva, exibem variabilidade no processo de emerg\u00eancia. Terrenos com maior cobertura de palhada mostraram emerg\u00eancia mais uniforme, enquanto \u00e1reas com menor cobertura ou compacta\u00e7\u00e3o do solo, resultante do tr\u00e1fego de m\u00e1quinas, apresentaram germina\u00e7\u00e3o irregular.&#13;\n<\/p>\n<p style=\"text-align:justify\"><a href=\"https:\/\/www.whatsapp.com\/channel\/0029Va6ABTpIHphIQkFBgA12\" target=\"_blank\" rel=\"noopener\">Clique para seguir o canal do Agrolink no WhatsApp<\/a><\/p>\n<p style=\"text-align:justify\">Mesmo assim, em localidades que registraram precipita\u00e7\u00f5es acima de 10 mm, a germina\u00e7\u00e3o foi retomada, o que contribui para a uniformidade do estande. Por\u00e9m, o desenvolvimento inicial das plantas permanece lento, com folhas menores e entren\u00f3s mais alongados, sinais das condi\u00e7\u00f5es clim\u00e1ticas adversas.<\/p>\n<p style=\"text-align:justify\">As primeiras lavouras plantadas em outubro j\u00e1 est\u00e3o recebendo aplica\u00e7\u00f5es de herbicidas. Em alguns casos, os agricultores t\u00eam realizado a &#8220;aplica\u00e7\u00e3o zero&#8221;, que inclui <a href=\"https:\/\/www.agrolink.com.br\/agrolinkfito\/tecnologia-de-aplicacao\/aplicacao-terrestre\/aspectos-gerais-da-aplicacao-de-fungicidas_480785.html\" target=\"_blank\" rel=\"noopener\">fungicidas<\/a> preventivos para o manejo de doen\u00e7as, como a ferrugem-asi\u00e1tica.<\/p>\n<p style=\"text-align:justify\">A Emater\/RS-Ascar projeta uma \u00e1rea de cultivo de 6.811.344 hectares para a safra de soja no estado, com produtividade m\u00e9dia estimada em 3.179 kg\/ha. No mercado, o levantamento semanal de pre\u00e7os da Emater\/RS-Ascar apontou uma queda de 1,06% no valor m\u00e9dio da saca de 60 quilos. O pre\u00e7o caiu de R$ 128,87 na semana anterior para R$ 127,50.&#13;\n<\/p>\n<\/p><\/div>\n<p><script data-cfasync=\"false\">\n    !function (f, b, e, v, n, t, s) {\n        if (f.fbq) return; n = f.fbq = function () {\n            n.callMethod ?\n                n.callMethod.apply(n, arguments) : n.queue.push(arguments)\n        };\n        if (!f._fbq) f._fbq = n; n.push = n; n.loaded = !0; n.version = '2.0';\n        n.queue = []; t = b.createElement(e); t.async = !0;\n        t.src = v; s = b.getElementsByTagName(e)[0];\n        s.parentNode.insertBefore(t, s)\n    }(window, document, 'script',\n        'https:\/\/connect.facebook.net\/en_US\/fbevents.js');\n    fbq('init', '522546078623747');\n    fbq('track', 'PageView');\n<\/script><br \/>\n<br \/><br \/>\n<br \/><a href=\"https:\/\/www.agrolink.com.br\/noticias\/chuva-impulsiona-semeadura-de-soja-no-rio-grande-do-sul_497205.html\">Source link <\/a><\/p>\n","protected":false},"excerpt":{"rendered":"<p>Nesta quinta-feira (28), o Informativo Conjuntural divulgado pela Emater\/RS-Ascar trouxe atualiza\u00e7\u00f5es sobre o andamento da semeadura de soja no Rio<\/p>\n","protected":false},"author":1,"featured_media":4379,"comment_status":"open","ping_status":"open","sticky":false,"template":"","format":"standard","meta":{"_monsterinsights_skip_tracking":false,"_monsterinsights_sitenote_active":false,"_monsterinsights_sitenote_note":"","_monsterinsights_sitenote_category":0,"_uf_show_specific_survey":0,"_uf_disable_surveys":false,"footnotes":""},"categories":[8,1,14],"tags":[],"class_list":["post-5774","post","type-post","status-publish","format-standard","has-post-thumbnail","hentry","category-agro","category-news","category-politica-agro"],"_links":{"self":[{"href":"https:\/\/agromt.news\/index.php?rest_route=\/wp\/v2\/posts\/5774"}],"collection":[{"href":"https:\/\/agromt.news\/index.php?rest_route=\/wp\/v2\/posts"}],"about":[{"href":"https:\/\/agromt.news\/index.php?rest_route=\/wp\/v2\/types\/post"}],"author":[{"embeddable":true,"href":"https:\/\/agromt.news\/index.php?rest_route=\/wp\/v2\/users\/1"}],"replies":[{"embeddable":true,"href":"https:\/\/agromt.news\/index.php?rest_route=%2Fwp%2Fv2%2Fcomments&post=5774"}],"version-history":[{"count":0,"href":"https:\/\/agromt.news\/index.php?rest_route=\/wp\/v2\/posts\/5774\/revisions"}],"wp:featuredmedia":[{"embeddable":true,"href":"https:\/\/agromt.news\/index.php?rest_route=\/wp\/v2\/media\/4379"}],"wp:attachment":[{"href":"https:\/\/agromt.news\/index.php?rest_route=%2Fwp%2Fv2%2Fmedia&parent=5774"}],"wp:term":[{"taxonomy":"category","embeddable":true,"href":"https:\/\/agromt.news\/index.php?rest_route=%2Fwp%2Fv2%2Fcategories&post=5774"},{"taxonomy":"post_tag","embeddable":true,"href":"https:\/\/agromt.news\/index.php?rest_route=%2Fwp%2Fv2%2Ftags&post=5774"}],"curies":[{"name":"wp","href":"https:\/\/api.w.org\/{rel}","templated":true}]}}