{"id":5773,"date":"2024-11-29T08:14:40","date_gmt":"2024-11-29T12:14:40","guid":{"rendered":"https:\/\/agromt.news\/?p=5773"},"modified":"2024-11-29T08:14:40","modified_gmt":"2024-11-29T12:14:40","slug":"dolar-a-r-6-reflete-o-ceticismo-do-mercado-com-o-pacote-fiscal-veja-os-destaques-da-economia","status":"publish","type":"post","link":"https:\/\/agromt.news\/?p=5773","title":{"rendered":"D\u00f3lar a R$ 6 reflete o ceticismo do mercado com o pacote fiscal; veja os destaques da economia"},"content":{"rendered":"<p> <br \/>\n<br \/><img decoding=\"async\" src=\"https:\/\/agromt.news\/wp-content\/uploads\/2024\/11\/confira-as-noticias-que-impactam-o-mercado-hoje.jpg\" \/><\/p>\n<div>\n<p>Ou\u00e7a o Di\u00e1rio Econ\u00f4mico, o podcast do PicPay que traz tudo que voc\u00ea precisa saber sobre economia para come\u00e7ar o seu dia, com base nas principais not\u00edcias que impactam o mercado do Brasil e do mundo, com a an\u00e1lise de economistas.<\/p>\n<\/div>\n<div>\n<p><iframe title=\"D\u00f3lar a R$ 6 reflete o ceticismo do mercado com o pacote fiscal; veja os destaques da economia\" width=\"800\" height=\"450\" src=\"https:\/\/www.youtube.com\/embed\/M6eKw0I4p0w?feature=oembed\" frameborder=\"0\" allow=\"accelerometer; autoplay; clipboard-write; encrypted-media; gyroscope; picture-in-picture; web-share\" referrerpolicy=\"strict-origin-when-cross-origin\" allowfullscreen><\/iframe><noscript><iframe title=\"D\u00f3lar a R$ 6 reflete o ceticismo do mercado com o pacote fiscal; veja os destaques da economia\" width=\"800\" height=\"450\" src=\"https:\/\/www.youtube.com\/embed\/M6eKw0I4p0w?feature=oembed\" frameborder=\"0\" allow=\"accelerometer; autoplay; clipboard-write; encrypted-media; gyroscope; picture-in-picture; web-share\" referrerpolicy=\"strict-origin-when-cross-origin\" allowfullscreen><\/iframe><\/noscript><\/p>\n<p>No morning call de hoje, o economista do PicPay, Igor Cadilhac, destaca que o d\u00f3lar atingiu R$ 6 pela primeira vez, refletindo ceticismo com o pacote fiscal. O Ibovespa caiu 2,4%, e a curva de juros j\u00e1 precifica uma Selic pr\u00f3xima de 15%. Hoje, foco no fiscal e dados de desemprego no Brasil.<\/p>\n<\/p><\/div>\n<p><br \/>\n<br \/><a href=\"https:\/\/www.canalrural.com.br\/economia\/dolar-a-r-6-reflete-o-ceticismo-do-mercado-com-o-pacote-fiscal-veja-os-destaques-da-economia\/\">Source link <\/a><\/p>\n","protected":false},"excerpt":{"rendered":"<p>Ou\u00e7a o Di\u00e1rio Econ\u00f4mico, o podcast do PicPay que traz tudo que voc\u00ea precisa saber sobre economia para come\u00e7ar o<\/p>\n","protected":false},"author":1,"featured_media":5648,"comment_status":"open","ping_status":"open","sticky":false,"template":"","format":"standard","meta":{"_monsterinsights_skip_tracking":false,"_monsterinsights_sitenote_active":false,"_monsterinsights_sitenote_note":"","_monsterinsights_sitenote_category":0,"_uf_show_specific_survey":0,"_uf_disable_surveys":false,"footnotes":""},"categories":[1],"tags":[],"class_list":["post-5773","post","type-post","status-publish","format-standard","has-post-thumbnail","hentry","category-news"],"_links":{"self":[{"href":"https:\/\/agromt.news\/index.php?rest_route=\/wp\/v2\/posts\/5773"}],"collection":[{"href":"https:\/\/agromt.news\/index.php?rest_route=\/wp\/v2\/posts"}],"about":[{"href":"https:\/\/agromt.news\/index.php?rest_route=\/wp\/v2\/types\/post"}],"author":[{"embeddable":true,"href":"https:\/\/agromt.news\/index.php?rest_route=\/wp\/v2\/users\/1"}],"replies":[{"embeddable":true,"href":"https:\/\/agromt.news\/index.php?rest_route=%2Fwp%2Fv2%2Fcomments&post=5773"}],"version-history":[{"count":0,"href":"https:\/\/agromt.news\/index.php?rest_route=\/wp\/v2\/posts\/5773\/revisions"}],"wp:featuredmedia":[{"embeddable":true,"href":"https:\/\/agromt.news\/index.php?rest_route=\/wp\/v2\/media\/5648"}],"wp:attachment":[{"href":"https:\/\/agromt.news\/index.php?rest_route=%2Fwp%2Fv2%2Fmedia&parent=5773"}],"wp:term":[{"taxonomy":"category","embeddable":true,"href":"https:\/\/agromt.news\/index.php?rest_route=%2Fwp%2Fv2%2Fcategories&post=5773"},{"taxonomy":"post_tag","embeddable":true,"href":"https:\/\/agromt.news\/index.php?rest_route=%2Fwp%2Fv2%2Ftags&post=5773"}],"curies":[{"name":"wp","href":"https:\/\/api.w.org\/{rel}","templated":true}]}}