{"id":5770,"date":"2024-11-29T06:38:04","date_gmt":"2024-11-29T10:38:04","guid":{"rendered":"https:\/\/agromt.news\/?p=5770"},"modified":"2024-11-29T06:38:04","modified_gmt":"2024-11-29T10:38:04","slug":"feijao-dobra-a-projecao-de-producao","status":"publish","type":"post","link":"https:\/\/agromt.news\/?p=5770","title":{"rendered":"feij\u00e3o dobra a proje\u00e7\u00e3o de produ\u00e7\u00e3o"},"content":{"rendered":"<p> <br \/>\n<\/p>\n<div>\n<div class=\"row\">\n<div class=\"col-lg col-infos mt-3 mt-lg-0\">\n<div class=\"section-sub-title\">\n<p itemprop=\"description\">&#13;<br \/>\n                                Condi\u00e7\u00f5es gerais das lavouras s\u00e3o positivas&#13;\n                            <\/p>\n<\/p><\/div>\n<div class=\"container\">\n<div class=\"row\">\n<div class=\"col-lg p-0\">\n<div>\n<div class=\"block-news-main-infos mt-3 text-start\">\n<p>                                            <strong class=\"fn\" itemprop=\"author\" style=\"color: rgb(112, 112, 112); \">&#13;<br \/>\n                                                <a href=\"https:\/\/www.agrolink.com.br\/noticias\/javascript:;\" class=\"text-uppercase\" target=\"_blank\" style=\"color: rgb(112, 112, 112); \" rel=\"noopener\">Agrolink<\/a>&#13;<br \/>\n&#13;<br \/>\n                                                    &#8211; Seane Lennon&#13;<br \/>\n&#13;<br \/>\n                                            <\/strong><br \/>\n                                        <\/p>\n<p>                                            <abbr><time datetime=\"2024-11-28T17:37\" itemprop=\"datePublished dateModified\">Publicado em 28\/11\/2024 \u00e0s 17:37h.<\/time><\/abbr><br \/>\n                                            <\/p><\/div>\n<\/p><\/div>\n<\/p><\/div>\n<div class=\"col-lg p-0 text-lg-end\">\n<div>\n<div id=\"mdEnviarPagina\" class=\"modal fade\" role=\"dialog\">\n<div class=\"modal-dialog\">\n<div class=\"modal-content\">\n<div class=\"modal-body\">\n<p><strong>Estimado usu\u00e1rio.<\/strong><br \/>Preencha o formul\u00e1rio abaixo para remeter a p\u00e1gina.<\/p>\n<\/p><\/div>\n<\/p><\/div>\n<\/p><\/div>\n<\/div><\/div>\n<\/p><\/div>\n<\/p><\/div>\n<\/p><\/div>\n<\/p><\/div>\n<\/p><\/div>\n<div class=\"row justify-content-md-center mt-3\">\n<div class=\"col-lg-auto col-image  block-news-main-image d-none d-md-block\">\n<p>                            <img decoding=\"async\" src=\"https:\/\/www.agrolink.com.br\/upload\/imagens-resizes\/3be0f8944cdd4381b758a46ef74c2b02_858x483.jpg\" class=\"lazyload \"\/><br \/>\n                                            <span class=\"publicity-photo d-block mt-1\">Foto: Canva<\/span><\/p><\/div>\n<\/p><\/div>\n<div class=\"section-description section-description-noticias mt-3\">\n<p style=\"text-align:justify\">O Departamento de Economia Rural (Deral), da Secretaria de Estado da Agricultura e do Abastecimento do Paran\u00e1, divulgou nesta quinta-feira (28) o Boletim Semanal de Conjuntura Agropecu\u00e1ria, destacando o aumento expressivo na \u00e1rea dedicada ao cultivo de <a href=\"https:\/\/www.agrolink.com.br\/culturas\/feijao\/?utm_source=agrolink-detalhe-noticia&amp;utm_medium=detalhe-noticia&amp;utm_campaign=links-internos\" target=\"_blank\" rel=\"noopener\">feij\u00e3o<\/a> na primeira safra 2023\/24. Em novembro, a \u00e1rea foi reavaliada para 167,5 mil hectares, um crescimento de 55% em rela\u00e7\u00e3o \u00e0 safra anterior, quando foram plantados 107,8 mil hectares.&#13;\n<\/p>\n<p style=\"text-align:justify\">A revis\u00e3o representa um acr\u00e9scimo de 15 mil hectares em rela\u00e7\u00e3o \u00e0 avalia\u00e7\u00e3o de outubro, que j\u00e1 indicava um aumento de 33%. Grande parte desse crescimento ocorreu na regi\u00e3o Sudoeste do estado, tradicionalmente mais ativa na segunda safra, mas que este ano mais que triplicou a \u00e1rea plantada na primeira safra, passando de 10,2 mil para 32,9 mil hectares. Ainda assim, a maior concentra\u00e7\u00e3o de cultivos est\u00e1 na regi\u00e3o Sul, que ocupa 122,4 mil hectares, ou 73% da \u00e1rea total do Paran\u00e1.&#13;\n<\/p>\n<p style=\"text-align:justify\"><a href=\"https:\/\/www.whatsapp.com\/channel\/0029Va6ABTpIHphIQkFBgA12\" target=\"_blank\" rel=\"noopener\">Clique para seguir o canal do Agrolink no WhatsApp<\/a><\/p>\n<p style=\"text-align:justify\">Apesar de algumas preocupa\u00e7\u00f5es com o calor excessivo e a restri\u00e7\u00e3o h\u00eddrica causada pela alta evapotranspira\u00e7\u00e3o, as condi\u00e7\u00f5es gerais das lavouras s\u00e3o positivas. Cerca de 95% da \u00e1rea cultivada apresenta bom desenvolvimento, o que projeta uma produ\u00e7\u00e3o de 323 mil toneladas, o dobro do obtido na primeira safra do ciclo anterior, que foi de 160,4 mil toneladas. A colheita j\u00e1 est\u00e1 pr\u00f3xima de come\u00e7ar, com 4% das \u00e1reas paranaenses em est\u00e1gio de matura\u00e7\u00e3o.&#13;\n<\/p>\n<\/p><\/div>\n<\/p><\/div>\n<p><script data-cfasync=\"false\">\n    !function (f, b, e, v, n, t, s) {\n        if (f.fbq) return; n = f.fbq = function () {\n            n.callMethod ?\n                n.callMethod.apply(n, arguments) : n.queue.push(arguments)\n        };\n        if (!f._fbq) f._fbq = n; n.push = n; n.loaded = !0; n.version = '2.0';\n        n.queue = []; t = b.createElement(e); t.async = !0;\n        t.src = v; s = b.getElementsByTagName(e)[0];\n        s.parentNode.insertBefore(t, s)\n    }(window, document, 'script',\n        'https:\/\/connect.facebook.net\/en_US\/fbevents.js');\n    fbq('init', '522546078623747');\n    fbq('track', 'PageView');\n<\/script><br \/>\n<br \/><br \/>\n<br \/><a href=\"https:\/\/www.agrolink.com.br\/noticias\/parana--feijao-dobra-a-projecao-de-producao_497206.html\">Source link <\/a><\/p>\n","protected":false},"excerpt":{"rendered":"<p>&#13; Condi\u00e7\u00f5es gerais das lavouras s\u00e3o positivas&#13; &#13; Agrolink&#13; &#13; &#8211; Seane Lennon&#13; &#13; Publicado em 28\/11\/2024 \u00e0s 17:37h. Estimado<\/p>\n","protected":false},"author":1,"featured_media":3865,"comment_status":"open","ping_status":"open","sticky":false,"template":"","format":"standard","meta":{"_monsterinsights_skip_tracking":false,"_monsterinsights_sitenote_active":false,"_monsterinsights_sitenote_note":"","_monsterinsights_sitenote_category":0,"_uf_show_specific_survey":0,"_uf_disable_surveys":false,"footnotes":""},"categories":[8,1,14],"tags":[],"class_list":["post-5770","post","type-post","status-publish","format-standard","has-post-thumbnail","hentry","category-agro","category-news","category-politica-agro"],"_links":{"self":[{"href":"https:\/\/agromt.news\/index.php?rest_route=\/wp\/v2\/posts\/5770"}],"collection":[{"href":"https:\/\/agromt.news\/index.php?rest_route=\/wp\/v2\/posts"}],"about":[{"href":"https:\/\/agromt.news\/index.php?rest_route=\/wp\/v2\/types\/post"}],"author":[{"embeddable":true,"href":"https:\/\/agromt.news\/index.php?rest_route=\/wp\/v2\/users\/1"}],"replies":[{"embeddable":true,"href":"https:\/\/agromt.news\/index.php?rest_route=%2Fwp%2Fv2%2Fcomments&post=5770"}],"version-history":[{"count":0,"href":"https:\/\/agromt.news\/index.php?rest_route=\/wp\/v2\/posts\/5770\/revisions"}],"wp:featuredmedia":[{"embeddable":true,"href":"https:\/\/agromt.news\/index.php?rest_route=\/wp\/v2\/media\/3865"}],"wp:attachment":[{"href":"https:\/\/agromt.news\/index.php?rest_route=%2Fwp%2Fv2%2Fmedia&parent=5770"}],"wp:term":[{"taxonomy":"category","embeddable":true,"href":"https:\/\/agromt.news\/index.php?rest_route=%2Fwp%2Fv2%2Fcategories&post=5770"},{"taxonomy":"post_tag","embeddable":true,"href":"https:\/\/agromt.news\/index.php?rest_route=%2Fwp%2Fv2%2Ftags&post=5770"}],"curies":[{"name":"wp","href":"https:\/\/api.w.org\/{rel}","templated":true}]}}